{"id":90432,"date":"2021-04-06T09:54:52","date_gmt":"2021-04-06T12:54:52","guid":{"rendered":"https:\/\/eldiariodesanpedro.com.ar\/sitio\/?p=90432"},"modified":"2021-04-06T09:54:56","modified_gmt":"2021-04-06T12:54:56","slug":"a-la-espera-de-anuncios-sobre-nuevas-medidas-hoy-vuelven-a-reunirse-nacion-provincia-y-ciudad","status":"publish","type":"post","link":"https:\/\/eldiariodesanpedro.com.ar\/sitio\/a-la-espera-de-anuncios-sobre-nuevas-medidas-hoy-vuelven-a-reunirse-nacion-provincia-y-ciudad\/","title":{"rendered":"A la espera de anuncios sobre nuevas medidas, hoy vuelven a reunirse Naci\u00f3n, Provincia y Ciudad"},"content":{"rendered":"<!-- VideographyWP Plugin Message: Automatic video embedding prevented by plugin options. -->\n\n<p>El jefe de gabinete Santiago Cafiero se vuelve a reunir hoy con sus pares de Provincia y Ciudad para \u00abdefinir medidas concretas\u00bb ante la segunda ola. La reuni\u00f3n con Carlos Bianco y Felipe Miguel ser\u00e1 a las 14 en la Casa Rosada y el foco estar\u00e1 puesto en \u00abla nocturnidad, el transporte p\u00fablico y actividades recreativas\u00bb.<\/p>\n\n\n\n<p>El jefe de Gabinete,&nbsp;<strong>Santiago<\/strong>&nbsp;<strong>Cafiero,<\/strong>&nbsp;se volver\u00e1 a reunir esta tarde con sus pares de la&nbsp;<strong>Provincia<\/strong>&nbsp;y de la&nbsp;<strong>Ciudad<\/strong>&nbsp;de Buenos Aires,&nbsp;<strong>Carlos Bianco<\/strong>&nbsp;y&nbsp;<strong>Felipe Miguel,<\/strong>&nbsp;respectivamente, para&nbsp;<strong>\u00abdefinir medidas&nbsp;concretas\u00bb<\/strong>&nbsp;ante la segunda ola de coronavirus en la Argentina.<\/p>\n\n\n\n<p>El encuentro ser\u00e1 a las&nbsp;<strong>14&nbsp;<\/strong>en el despacho del jefe de&nbsp;Gabinete de la Naci\u00f3n del primer piso de&nbsp;<strong>Casa Rosada,<\/strong>&nbsp;y&nbsp;participar\u00e1n tambi\u00e9n la ministra de Salud,&nbsp;<strong>Carla Vizzotti;<\/strong>&nbsp;su&nbsp;par porte\u00f1o,&nbsp;<strong>Fern\u00e1n Quir\u00f3s;<\/strong>&nbsp;y el viceministro bonaerense,&nbsp;<strong>Nicol\u00e1s Kreplak.<\/strong><\/p>\n\n\n\n<p>La discusi\u00f3n girar\u00e1 en torno a&nbsp;las medidas y propuestas que cada&nbsp;distrito est\u00e1 dispuesto a tomar y uno de los objetivos es lograr un consenso para anunciar las medidas.&nbsp;<\/p>\n\n\n\n<p>Respecto de las posibles medidas que se debatir\u00e1n esta&nbsp;tarde, todo indica que se&nbsp;pondr\u00e1 el foco en&nbsp;la nocturnidad, el transporte p\u00fablico y&nbsp;actividades recreativas.&nbsp;Desde el gobierno nacional resaltan que tiene como&nbsp;prioridad mantener la presencialidad de clases y&nbsp;sostener la industria y el comercio.<\/p>\n\n\n\n<p>Previo al encuentro entre los representantes de los tres\u00a0distritos, Vizzotti brind\u00f3 esta ma\u00f1ana, \u00a0una\u00a0conferencia de prensa en\u00a0<strong>Casa Rosada,<\/strong>\u00a0en el marco del an\u00e1lisis\u00a0que realizan el Gobierno y las administraciones de\u00a0<strong>Ciudad<\/strong>\u00a0y\u00a0<strong>Provincia<\/strong>\u00a0por la suba de casos de\u00a0<strong>COVID-19.<\/strong><br><br>La ministra de Salud, Carla Vizzotti,dijo hoy que se registra \u00abun aumento sostenido y acelerado\u00bb de casos de coronavirus en el pa\u00eds y ratific\u00f3 que \u00abla segunda ola ya es un hecho\u00bb.<br><br>\u00abEsta situaci\u00f3n no excede al contexto global\u00bb, dijo la ministra en una rueda de prensa en Casa de Gobierno, en la que destac\u00f3 que \u00abhay un aumento importante de demanda espont\u00e1nea y una tensi\u00f3n en algunas regiones en el sistema de salud\u00bb.<br><br>En ese sentido, reconoci\u00f3 que \u00ablas pr\u00f3ximas tres semanas son clave\u00bb en el marco de la segunda ola de coronavirus en el pa\u00eds y, en ese sentido, afirm\u00f3 que se necesita \u00abbajar la transmisi\u00f3n del virus para vacunar a quienes tienen m\u00e1s riesgo\u00bb en ese lapso de tiempo.<br><br>Vizzotti, afirm\u00f3 tambi\u00e9n que PAMI \u00abcolaborar\u00e1 y complementar\u00e1 en la ciudad de Buenos Aires\u00bb el plan de vacunaci\u00f3n contra el coronavirus y dijo que esa ayuda se extender\u00e1 luego a \u00abotros grandes conglomerados urbanos\u00bb.<br><br>\u00abEl presidente Alberto Fern\u00e1ndez le pidi\u00f3 a la titular del PAMI, Luana Volnovich, que pueda colaborar y complementar en la ciudad de Buenos Aires para dar apoyo a los planes estrat\u00e9gicos de vacunaci\u00f3n\u00bb, explic\u00f3 la ministra en una rueda de prensa en Casa de Gobierno.<\/p>\n\n\n\n<p>Fuente: La Tecla<\/p>\n","protected":false},"excerpt":{"rendered":"<p>El jefe de gabinete Santiago Cafiero se vuelve a reunir hoy con sus pares de Provincia y Ciudad para \u00abdefinir medidas concretas\u00bb ante la segunda ola. La reuni\u00f3n con Carlos Bianco y Felipe Miguel ser\u00e1 a las 14 en la Casa Rosada y el foco estar\u00e1 puesto en \u00abla nocturnidad, el transporte p\u00fablico y actividades [&hellip;]<\/p>\n","protected":false},"author":4,"featured_media":90433,"comment_status":"open","ping_status":"closed","sticky":false,"template":"","format":"standard","meta":{"om_disable_all_campaigns":false,"_jetpack_memberships_contains_paid_content":false,"footnotes":""},"categories":[621],"tags":[],"class_list":["post-90432","post","type-post","status-publish","format-standard","has-post-thumbnail","hentry","category-regionales"],"aioseo_notices":[],"gutentor_comment":0,"jetpack_featured_media_url":"https:\/\/eldiariodesanpedro.com.ar\/sitio\/wp-content\/uploads\/2021\/04\/126583_3.jpg","jetpack_shortlink":"https:\/\/wp.me\/p6RhLt-nwA","jetpack_sharing_enabled":true,"_links":{"self":[{"href":"https:\/\/eldiariodesanpedro.com.ar\/sitio\/wp-json\/wp\/v2\/posts\/90432","targetHints":{"allow":["GET"]}}],"collection":[{"href":"https:\/\/eldiariodesanpedro.com.ar\/sitio\/wp-json\/wp\/v2\/posts"}],"about":[{"href":"https:\/\/eldiariodesanpedro.com.ar\/sitio\/wp-json\/wp\/v2\/types\/post"}],"author":[{"embeddable":true,"href":"https:\/\/eldiariodesanpedro.com.ar\/sitio\/wp-json\/wp\/v2\/users\/4"}],"replies":[{"embeddable":true,"href":"https:\/\/eldiariodesanpedro.com.ar\/sitio\/wp-json\/wp\/v2\/comments?post=90432"}],"version-history":[{"count":1,"href":"https:\/\/eldiariodesanpedro.com.ar\/sitio\/wp-json\/wp\/v2\/posts\/90432\/revisions"}],"predecessor-version":[{"id":90434,"href":"https:\/\/eldiariodesanpedro.com.ar\/sitio\/wp-json\/wp\/v2\/posts\/90432\/revisions\/90434"}],"wp:featuredmedia":[{"embeddable":true,"href":"https:\/\/eldiariodesanpedro.com.ar\/sitio\/wp-json\/wp\/v2\/media\/90433"}],"wp:attachment":[{"href":"https:\/\/eldiariodesanpedro.com.ar\/sitio\/wp-json\/wp\/v2\/media?parent=90432"}],"wp:term":[{"taxonomy":"category","embeddable":true,"href":"https:\/\/eldiariodesanpedro.com.ar\/sitio\/wp-json\/wp\/v2\/categories?post=90432"},{"taxonomy":"post_tag","embeddable":true,"href":"https:\/\/eldiariodesanpedro.com.ar\/sitio\/wp-json\/wp\/v2\/tags?post=90432"}],"curies":[{"name":"wp","href":"https:\/\/api.w.org\/{rel}","templated":true}]}}