{"id":90429,"date":"2021-04-06T09:47:26","date_gmt":"2021-04-06T12:47:26","guid":{"rendered":"https:\/\/eldiariodesanpedro.com.ar\/sitio\/?p=90429"},"modified":"2021-04-06T09:47:30","modified_gmt":"2021-04-06T12:47:30","slug":"campana-relevan-a-jefes-de-la-unidad-41-por-presuntos-robos-coimas-e-ingreso-de-droga","status":"publish","type":"post","link":"https:\/\/eldiariodesanpedro.com.ar\/sitio\/campana-relevan-a-jefes-de-la-unidad-41-por-presuntos-robos-coimas-e-ingreso-de-droga\/","title":{"rendered":"CAMPANA | Relevan a jefes de la Unidad 41 por presuntos robos, coimas e ingreso de droga"},"content":{"rendered":"<!-- VideographyWP Plugin Message: Automatic video embedding prevented by plugin options. -->\n\n<p>Un presidiario habr\u00eda difundido audios con la evidencia. Tras la denuncia, abandonaron sus puestos el Jefe del Penal, dos Sub Jefes, y un Subdirector.<\/p>\n\n\n\n<p>Un verdadero esc\u00e1ndalo sacude al Complejo Carcelario local, luego de una grave denuncia que desencaden\u00f3 el relevamiento de varios jefes de la Unidad 41, acusados de diversos delitos.<\/p>\n\n\n\n<p>La bomba explot\u00f3 este fin de semana, luego que un presidiario difundiera entre sus pares y otras autoridades penitenciarias audios que evidenciaban la connivencia entre \u00e9ste y varias de las autoridades del penal en el robo de pertenencias por parte de los penitenciarios a los internos, el cobro de coimas para acceder a \u201cprivilegios\u201d y hasta el ingreso de droga al penal.<\/p>\n\n\n\n<p>Fuentes del caso aseguran que, trascendido el hecho, se produjo una fuerte discusi\u00f3n entre el Director de la Unidad, Guillermo Rodr\u00edguez, quien habr\u00eda exigido explicaciones al Jefe del penal y a los Sub Jefes (Pf. Sergio Castro, Alcaide Mayor Cristian Ledezma, y Alcaide Jorge Gonz\u00e1lez), abandonando \u00e9stos sus respectivos puestos.<\/p>\n\n\n\n<p>Quien tambi\u00e9n habr\u00eda sido alcanzado por las acusaciones es el Subdirector de Asistencia y Tratamiento, Sebasti\u00e1n Marinzulich, dejando tambi\u00e9n su lugar.<\/p>\n\n\n\n<p>Los comprometedores audios se\u00f1alan que los penitenciarios ingresaban estupefacientes para los internos. Fueron difundidos por un recluso apodado \u201cLa Pantera\u201d, quien hasta ser trasladado a otro recinto el pasado 8 de Marzo (hay quienes se\u00f1alan que fue para evitar la denuncia) \u201cmanejaba el comedor de la gente que trabaja adentro del penal. Era de mucha confianza\u201d expresaron fuentes que pidieron no ser reveladas, y que adem\u00e1s dieron cuenta del cobro de coimas \u201ca cambio de beneficios dentro del penal\u201d, las cuales habr\u00edan sido cobradas incluso en los kioscos de la entrada al complejo penitenciario, donde se encontraban con familiares de los presos.<\/p>\n\n\n\n<p>Lo ocurrido fue considerado \u201cde extrema gravedad\u201d. Hasta el momento, son cuatro las autoridades relevadas de sus puestos.<\/p>\n\n\n\n<p>Fuente: <a href=\"https:\/\/www.campananoticias.com\/noticia\/66782\/relevan-a-jefes-de-la-unidad-41-por-presuntos-robos-coimas-e-ingreso-de-droga-\">Campana Noticias<\/a><\/p>\n","protected":false},"excerpt":{"rendered":"<p>Un presidiario habr\u00eda difundido audios con la evidencia. Tras la denuncia, abandonaron sus puestos el Jefe del Penal, dos Sub Jefes, y un Subdirector. Un verdadero esc\u00e1ndalo sacude al Complejo Carcelario local, luego de una grave denuncia que desencaden\u00f3 el relevamiento de varios jefes de la Unidad 41, acusados de diversos delitos. La bomba explot\u00f3 [&hellip;]<\/p>\n","protected":false},"author":4,"featured_media":90430,"comment_status":"open","ping_status":"closed","sticky":false,"template":"","format":"standard","meta":{"om_disable_all_campaigns":false,"_jetpack_memberships_contains_paid_content":false,"footnotes":""},"categories":[621],"tags":[],"class_list":["post-90429","post","type-post","status-publish","format-standard","has-post-thumbnail","hentry","category-regionales"],"aioseo_notices":[],"gutentor_comment":0,"jetpack_featured_media_url":"https:\/\/eldiariodesanpedro.com.ar\/sitio\/wp-content\/uploads\/2021\/04\/20210406085716.jpeg","jetpack_shortlink":"https:\/\/wp.me\/p6RhLt-nwx","jetpack_sharing_enabled":true,"_links":{"self":[{"href":"https:\/\/eldiariodesanpedro.com.ar\/sitio\/wp-json\/wp\/v2\/posts\/90429","targetHints":{"allow":["GET"]}}],"collection":[{"href":"https:\/\/eldiariodesanpedro.com.ar\/sitio\/wp-json\/wp\/v2\/posts"}],"about":[{"href":"https:\/\/eldiariodesanpedro.com.ar\/sitio\/wp-json\/wp\/v2\/types\/post"}],"author":[{"embeddable":true,"href":"https:\/\/eldiariodesanpedro.com.ar\/sitio\/wp-json\/wp\/v2\/users\/4"}],"replies":[{"embeddable":true,"href":"https:\/\/eldiariodesanpedro.com.ar\/sitio\/wp-json\/wp\/v2\/comments?post=90429"}],"version-history":[{"count":1,"href":"https:\/\/eldiariodesanpedro.com.ar\/sitio\/wp-json\/wp\/v2\/posts\/90429\/revisions"}],"predecessor-version":[{"id":90431,"href":"https:\/\/eldiariodesanpedro.com.ar\/sitio\/wp-json\/wp\/v2\/posts\/90429\/revisions\/90431"}],"wp:featuredmedia":[{"embeddable":true,"href":"https:\/\/eldiariodesanpedro.com.ar\/sitio\/wp-json\/wp\/v2\/media\/90430"}],"wp:attachment":[{"href":"https:\/\/eldiariodesanpedro.com.ar\/sitio\/wp-json\/wp\/v2\/media?parent=90429"}],"wp:term":[{"taxonomy":"category","embeddable":true,"href":"https:\/\/eldiariodesanpedro.com.ar\/sitio\/wp-json\/wp\/v2\/categories?post=90429"},{"taxonomy":"post_tag","embeddable":true,"href":"https:\/\/eldiariodesanpedro.com.ar\/sitio\/wp-json\/wp\/v2\/tags?post=90429"}],"curies":[{"name":"wp","href":"https:\/\/api.w.org\/{rel}","templated":true}]}}