{"id":90423,"date":"2021-04-06T09:35:47","date_gmt":"2021-04-06T12:35:47","guid":{"rendered":"https:\/\/eldiariodesanpedro.com.ar\/sitio\/?p=90423"},"modified":"2021-04-06T09:35:52","modified_gmt":"2021-04-06T12:35:52","slug":"roberto-borgo-regresa-al-municipio-y-se-suma-a-obras-publicas","status":"publish","type":"post","link":"https:\/\/eldiariodesanpedro.com.ar\/sitio\/roberto-borgo-regresa-al-municipio-y-se-suma-a-obras-publicas\/","title":{"rendered":"Roberto Borgo regresa al municipio y se suma a Obras P\u00fablicas"},"content":{"rendered":"<!-- VideographyWP Plugin Message: Automatic video embedding prevented by plugin options. -->\n\n<p>El ex funcionario de Guacone y Giovanettoni\u00a0se desempe\u00f1ar\u00e1 en la\u00a0la Secretar\u00eda de Obras P\u00fablicas, Infraestructura y Planeamiento.<\/p>\n\n\n\n<p>Luego de la salida del ingeniero Agust\u00edn Vaca en&nbsp;la Secretar\u00eda de Obras P\u00fablicas, Infraestructura y Planeamiento, y de evaluar algunos nombres para reemplazarlo, el Intendente Cecilio Salazar aprob\u00f3 el ingreso de Roberto Borgo&nbsp;luego de que sea propuesto por el Dr. Javier Silva, quien se hizo cargo del \u00e1rea hace poco m\u00e1s de un mes.<\/p>\n\n\n\n<p>De esta manera, Borgo, regresa como funcionario pol\u00edtico al municipio ya que en los a\u00f1os anteriores a la gesti\u00f3n Salazar se desempe\u00f1\u00f3 como Administrador del Hospital y Secretario de Hacienda de Pablo Guacone y Fabio Giovanettoni cuando fueron intendentes.<\/p>\n\n\n\n<p>Roberto Bordo se desempe\u00f1ar\u00e1 en Obra P\u00fablicas como colaborador de Silva y se ocupar\u00e1 de los tr\u00e1mites y gestiones que se deban realizar&nbsp;ante el gobierno nacional y provincial en torno a los proyectos presentados.&nbsp;<\/p>\n","protected":false},"excerpt":{"rendered":"<p>El ex funcionario de Guacone y Giovanettoni\u00a0se desempe\u00f1ar\u00e1 en la\u00a0la Secretar\u00eda de Obras P\u00fablicas, Infraestructura y Planeamiento. Luego de la salida del ingeniero Agust\u00edn Vaca en&nbsp;la Secretar\u00eda de Obras P\u00fablicas, Infraestructura y Planeamiento, y de evaluar algunos nombres para reemplazarlo, el Intendente Cecilio Salazar aprob\u00f3 el ingreso de Roberto Borgo&nbsp;luego de que sea propuesto por [&hellip;]<\/p>\n","protected":false},"author":4,"featured_media":90424,"comment_status":"open","ping_status":"closed","sticky":false,"template":"","format":"standard","meta":{"om_disable_all_campaigns":false,"_jetpack_memberships_contains_paid_content":false,"footnotes":""},"categories":[101,2],"tags":[],"class_list":["post-90423","post","type-post","status-publish","format-standard","has-post-thumbnail","hentry","category-interes-general-locales","category-locales"],"aioseo_notices":[],"gutentor_comment":0,"jetpack_featured_media_url":"https:\/\/eldiariodesanpedro.com.ar\/sitio\/wp-content\/uploads\/2021\/04\/53004346_10219651195692759_3923863906669297664_n.jpg","jetpack_shortlink":"https:\/\/wp.me\/p6RhLt-nwr","jetpack_sharing_enabled":true,"_links":{"self":[{"href":"https:\/\/eldiariodesanpedro.com.ar\/sitio\/wp-json\/wp\/v2\/posts\/90423","targetHints":{"allow":["GET"]}}],"collection":[{"href":"https:\/\/eldiariodesanpedro.com.ar\/sitio\/wp-json\/wp\/v2\/posts"}],"about":[{"href":"https:\/\/eldiariodesanpedro.com.ar\/sitio\/wp-json\/wp\/v2\/types\/post"}],"author":[{"embeddable":true,"href":"https:\/\/eldiariodesanpedro.com.ar\/sitio\/wp-json\/wp\/v2\/users\/4"}],"replies":[{"embeddable":true,"href":"https:\/\/eldiariodesanpedro.com.ar\/sitio\/wp-json\/wp\/v2\/comments?post=90423"}],"version-history":[{"count":1,"href":"https:\/\/eldiariodesanpedro.com.ar\/sitio\/wp-json\/wp\/v2\/posts\/90423\/revisions"}],"predecessor-version":[{"id":90425,"href":"https:\/\/eldiariodesanpedro.com.ar\/sitio\/wp-json\/wp\/v2\/posts\/90423\/revisions\/90425"}],"wp:featuredmedia":[{"embeddable":true,"href":"https:\/\/eldiariodesanpedro.com.ar\/sitio\/wp-json\/wp\/v2\/media\/90424"}],"wp:attachment":[{"href":"https:\/\/eldiariodesanpedro.com.ar\/sitio\/wp-json\/wp\/v2\/media?parent=90423"}],"wp:term":[{"taxonomy":"category","embeddable":true,"href":"https:\/\/eldiariodesanpedro.com.ar\/sitio\/wp-json\/wp\/v2\/categories?post=90423"},{"taxonomy":"post_tag","embeddable":true,"href":"https:\/\/eldiariodesanpedro.com.ar\/sitio\/wp-json\/wp\/v2\/tags?post=90423"}],"curies":[{"name":"wp","href":"https:\/\/api.w.org\/{rel}","templated":true}]}}