{"id":90421,"date":"2021-04-06T08:13:00","date_gmt":"2021-04-06T11:13:00","guid":{"rendered":"https:\/\/eldiariodesanpedro.com.ar\/sitio\/?p=90421"},"modified":"2021-04-06T09:44:36","modified_gmt":"2021-04-06T12:44:36","slug":"cronograma-de-pago-de-anses-para-este-martes-5","status":"publish","type":"post","link":"https:\/\/eldiariodesanpedro.com.ar\/sitio\/cronograma-de-pago-de-anses-para-este-martes-5\/","title":{"rendered":"Cronograma de pago de Anses para este martes"},"content":{"rendered":"<!-- VideographyWP Plugin Message: Automatic video embedding prevented by plugin options. -->\n\n<p>El organismo, a cargo de la Lic. Fernanda Raverta, informa que hoy se abonan Pensiones No Contributivas (PNC). <\/p>\n\n\n\n<p><strong>Pago del primer bono de 1500 pesos<\/strong>         <\/p>\n\n\n\n<p>Al aumento del 8,07 por ciento vigente desde marzo, este mes se paga el primer bono de 1500 pesos para los jubilados, jubiladas, pensionados y pensionadas con ingresos de hasta 30.856 pesos. El segundo se abonar\u00e1 durante el pr\u00f3ximo mes. De esta forma, el haber m\u00ednimo ser\u00e1 de 22.071 pesos en abril y mayo. El Estado, as\u00ed, realizar\u00e1 una inversi\u00f3n de 14,4 mil millones de pesos (por abril y mayo) para proteger los ingresos e impulsar el consumo.<\/p>\n\n\n\n<p><strong> Pensiones No Contributivas<\/strong><\/p>\n\n\n\n<p>Las sucursales bancarias habilitadas atender\u00e1n por ventanilla solo a titulares de Pensiones No Contributivas (PNC) que deban cobrar su haber de abril con documentos terminados en 2 y 3.En este sentido, si bien estas personas no tienen que solicitar turno previo para cobrar este beneficio, deben acercarse a la sucursal bancaria \u00fanicamente en la fecha asignada. Cabe recordar que los haberes permanecer\u00e1n depositados en sus cuentas.<\/p>\n","protected":false},"excerpt":{"rendered":"<p>El organismo, a cargo de la Lic. Fernanda Raverta, informa que hoy se abonan Pensiones No Contributivas (PNC). Pago del primer bono de 1500 pesos Al aumento del 8,07 por ciento vigente desde marzo, este mes se paga el primer bono de 1500 pesos para los jubilados, jubiladas, pensionados y pensionadas con ingresos de hasta [&hellip;]<\/p>\n","protected":false},"author":4,"featured_media":74872,"comment_status":"open","ping_status":"closed","sticky":false,"template":"","format":"standard","meta":{"om_disable_all_campaigns":false,"_jetpack_memberships_contains_paid_content":false,"footnotes":""},"categories":[101,2],"tags":[],"class_list":["post-90421","post","type-post","status-publish","format-standard","has-post-thumbnail","hentry","category-interes-general-locales","category-locales"],"aioseo_notices":[],"gutentor_comment":0,"jetpack_featured_media_url":"https:\/\/eldiariodesanpedro.com.ar\/sitio\/wp-content\/uploads\/2020\/06\/SM-anses-07052020.jpeg","jetpack_shortlink":"https:\/\/wp.me\/p6RhLt-nwp","jetpack_sharing_enabled":true,"_links":{"self":[{"href":"https:\/\/eldiariodesanpedro.com.ar\/sitio\/wp-json\/wp\/v2\/posts\/90421","targetHints":{"allow":["GET"]}}],"collection":[{"href":"https:\/\/eldiariodesanpedro.com.ar\/sitio\/wp-json\/wp\/v2\/posts"}],"about":[{"href":"https:\/\/eldiariodesanpedro.com.ar\/sitio\/wp-json\/wp\/v2\/types\/post"}],"author":[{"embeddable":true,"href":"https:\/\/eldiariodesanpedro.com.ar\/sitio\/wp-json\/wp\/v2\/users\/4"}],"replies":[{"embeddable":true,"href":"https:\/\/eldiariodesanpedro.com.ar\/sitio\/wp-json\/wp\/v2\/comments?post=90421"}],"version-history":[{"count":1,"href":"https:\/\/eldiariodesanpedro.com.ar\/sitio\/wp-json\/wp\/v2\/posts\/90421\/revisions"}],"predecessor-version":[{"id":90422,"href":"https:\/\/eldiariodesanpedro.com.ar\/sitio\/wp-json\/wp\/v2\/posts\/90421\/revisions\/90422"}],"wp:featuredmedia":[{"embeddable":true,"href":"https:\/\/eldiariodesanpedro.com.ar\/sitio\/wp-json\/wp\/v2\/media\/74872"}],"wp:attachment":[{"href":"https:\/\/eldiariodesanpedro.com.ar\/sitio\/wp-json\/wp\/v2\/media?parent=90421"}],"wp:term":[{"taxonomy":"category","embeddable":true,"href":"https:\/\/eldiariodesanpedro.com.ar\/sitio\/wp-json\/wp\/v2\/categories?post=90421"},{"taxonomy":"post_tag","embeddable":true,"href":"https:\/\/eldiariodesanpedro.com.ar\/sitio\/wp-json\/wp\/v2\/tags?post=90421"}],"curies":[{"name":"wp","href":"https:\/\/api.w.org\/{rel}","templated":true}]}}