{"id":90407,"date":"2021-04-05T19:02:43","date_gmt":"2021-04-05T22:02:43","guid":{"rendered":"https:\/\/eldiariodesanpedro.com.ar\/sitio\/?p=90407"},"modified":"2021-04-05T19:02:50","modified_gmt":"2021-04-05T22:02:50","slug":"edicto-de-sucesion-de-norma-zulema-basante","status":"publish","type":"post","link":"https:\/\/eldiariodesanpedro.com.ar\/sitio\/edicto-de-sucesion-de-norma-zulema-basante\/","title":{"rendered":"Edicto de Sucesi\u00f3n de Norma Zulema Basante"},"content":{"rendered":"<!-- VideographyWP Plugin Message: Automatic video embedding prevented by plugin options. -->\n\n<p>El Juzgado de Paz letrado de San Pedro, departamento judicial de San Nicol\u00e1s, cita y emplaza por el t\u00e9rmino de 30 (treinta) d\u00edas a herederos y acreedores de do\u00f1a \u201c<strong>Norma Zulema Basante<\/strong>\u201d.- San Pedro, 25 de marzo de 2021.-<\/p>\n\n\n\n<p>DR. FACUNDO VELLON<br>ABOGADO SECRETARIO<\/p>\n","protected":false},"excerpt":{"rendered":"<p>El Juzgado de Paz letrado de San Pedro, departamento judicial de San Nicol\u00e1s, cita y emplaza por el t\u00e9rmino de 30 (treinta) d\u00edas a herederos y acreedores de do\u00f1a \u201cNorma Zulema Basante\u201d.- San Pedro, 25 de marzo de 2021.- DR. FACUNDO VELLONABOGADO SECRETARIO<\/p>\n","protected":false},"author":4,"featured_media":81115,"comment_status":"open","ping_status":"closed","sticky":false,"template":"","format":"standard","meta":{"om_disable_all_campaigns":false,"_jetpack_memberships_contains_paid_content":false,"footnotes":""},"categories":[676,677],"tags":[],"class_list":["post-90407","post","type-post","status-publish","format-standard","has-post-thumbnail","hentry","category-edictos","category-edictos-sucesorios"],"aioseo_notices":[],"gutentor_comment":0,"jetpack_featured_media_url":"https:\/\/eldiariodesanpedro.com.ar\/sitio\/wp-content\/uploads\/2020\/09\/Poder-Judicial.jpg","jetpack_shortlink":"https:\/\/wp.me\/p6RhLt-nwb","jetpack_sharing_enabled":true,"_links":{"self":[{"href":"https:\/\/eldiariodesanpedro.com.ar\/sitio\/wp-json\/wp\/v2\/posts\/90407","targetHints":{"allow":["GET"]}}],"collection":[{"href":"https:\/\/eldiariodesanpedro.com.ar\/sitio\/wp-json\/wp\/v2\/posts"}],"about":[{"href":"https:\/\/eldiariodesanpedro.com.ar\/sitio\/wp-json\/wp\/v2\/types\/post"}],"author":[{"embeddable":true,"href":"https:\/\/eldiariodesanpedro.com.ar\/sitio\/wp-json\/wp\/v2\/users\/4"}],"replies":[{"embeddable":true,"href":"https:\/\/eldiariodesanpedro.com.ar\/sitio\/wp-json\/wp\/v2\/comments?post=90407"}],"version-history":[{"count":1,"href":"https:\/\/eldiariodesanpedro.com.ar\/sitio\/wp-json\/wp\/v2\/posts\/90407\/revisions"}],"predecessor-version":[{"id":90408,"href":"https:\/\/eldiariodesanpedro.com.ar\/sitio\/wp-json\/wp\/v2\/posts\/90407\/revisions\/90408"}],"wp:featuredmedia":[{"embeddable":true,"href":"https:\/\/eldiariodesanpedro.com.ar\/sitio\/wp-json\/wp\/v2\/media\/81115"}],"wp:attachment":[{"href":"https:\/\/eldiariodesanpedro.com.ar\/sitio\/wp-json\/wp\/v2\/media?parent=90407"}],"wp:term":[{"taxonomy":"category","embeddable":true,"href":"https:\/\/eldiariodesanpedro.com.ar\/sitio\/wp-json\/wp\/v2\/categories?post=90407"},{"taxonomy":"post_tag","embeddable":true,"href":"https:\/\/eldiariodesanpedro.com.ar\/sitio\/wp-json\/wp\/v2\/tags?post=90407"}],"curies":[{"name":"wp","href":"https:\/\/api.w.org\/{rel}","templated":true}]}}