{"id":90396,"date":"2021-04-05T18:25:14","date_gmt":"2021-04-05T21:25:14","guid":{"rendered":"https:\/\/eldiariodesanpedro.com.ar\/sitio\/?p=90396"},"modified":"2021-04-05T18:25:18","modified_gmt":"2021-04-05T21:25:18","slug":"baradero-tiros-violencia-e-incendio-en-un-conflicto-por-una-vivienda-en-la-isla","status":"publish","type":"post","link":"https:\/\/eldiariodesanpedro.com.ar\/sitio\/baradero-tiros-violencia-e-incendio-en-un-conflicto-por-una-vivienda-en-la-isla\/","title":{"rendered":"BARADERO | Tiros, violencia e incendio en un conflicto por una vivienda en la isla"},"content":{"rendered":"<!-- VideographyWP Plugin Message: Automatic video embedding prevented by plugin options. -->\n\n<p>Un grupo de turistas fueron amenazados por un sujeto que portaba un arma de fuego. Luego se pudo saber que hab\u00eda una disputa por el lugar. La propiedad, adem\u00e1s, fue incendiada.<\/p>\n\n\n\n<p>El informe policial, brindado por la comisar\u00eda de la cuidad, expresa: \u00abDenunci\u00f3 un vecino en sede policial, quien viene teniendo conflicto con una persona, por un terreno en la isla el cual el denunciante posee, mas precisamente 5ta islas, fracci\u00f3n 108, Lote12, Km. 31 R\u00edo Baradero, que el denunciante en el d\u00eda ayer cruzo a varios turistas desde esta localidad hacia su terreno, siendo 23:30 hs. recibe llamado de turistas refiriendo que un masculino los amenazo con arma de fuego y luego les arrojo pertenencias al r\u00edo. Denunciante refiri\u00f3 que quien ocasiono tal agresi\u00f3n es la persona con la que viene teniendo la disputa por el terreno insular . Interviene UFI N\u00b08 Baradero\u00bb.<\/p>\n\n\n\n<p><em><strong>Incendio en la propiedad<\/strong><\/em><\/p>\n\n\n\n<p>Juan Pedro Gim\u00e9nez, estuvo a cargo de la dotaci\u00f3n que trabaj\u00f3 en la propiedad en la zona de Islas frente al Balneario.<\/p>\n\n\n\n<p>\u201cAl arribo de la dotaci\u00f3n no hab\u00eda nadie en el lugar y el fuego se gener\u00f3 en una habitaci\u00f3n lo que nos permiti\u00f3 que no se propague a la otra habitaci\u00f3n\u201d<\/p>\n\n\n\n<p>Sostuvo que trabajaron en conjunto con Prefectura.<\/p>\n\n\n\n<p>Se trata de la misma propiedad en la que se registraron disparos de arma de fuego \u00e9sta madrugada.<\/p>\n\n\n\n<p>Fuente: Tu Radio Baradero&nbsp;<\/p>\n","protected":false},"excerpt":{"rendered":"<p>Un grupo de turistas fueron amenazados por un sujeto que portaba un arma de fuego. Luego se pudo saber que hab\u00eda una disputa por el lugar. La propiedad, adem\u00e1s, fue incendiada. El informe policial, brindado por la comisar\u00eda de la cuidad, expresa: \u00abDenunci\u00f3 un vecino en sede policial, quien viene teniendo conflicto con una persona, [&hellip;]<\/p>\n","protected":false},"author":4,"featured_media":90397,"comment_status":"open","ping_status":"closed","sticky":false,"template":"","format":"standard","meta":{"om_disable_all_campaigns":false,"_jetpack_memberships_contains_paid_content":false,"footnotes":""},"categories":[621],"tags":[],"class_list":["post-90396","post","type-post","status-publish","format-standard","has-post-thumbnail","hentry","category-regionales"],"aioseo_notices":[],"gutentor_comment":0,"jetpack_featured_media_url":"https:\/\/eldiariodesanpedro.com.ar\/sitio\/wp-content\/uploads\/2021\/04\/168487905_3066750353552476_1955329852444903061_n.jpg","jetpack_shortlink":"https:\/\/wp.me\/p6RhLt-nw0","jetpack_sharing_enabled":true,"_links":{"self":[{"href":"https:\/\/eldiariodesanpedro.com.ar\/sitio\/wp-json\/wp\/v2\/posts\/90396","targetHints":{"allow":["GET"]}}],"collection":[{"href":"https:\/\/eldiariodesanpedro.com.ar\/sitio\/wp-json\/wp\/v2\/posts"}],"about":[{"href":"https:\/\/eldiariodesanpedro.com.ar\/sitio\/wp-json\/wp\/v2\/types\/post"}],"author":[{"embeddable":true,"href":"https:\/\/eldiariodesanpedro.com.ar\/sitio\/wp-json\/wp\/v2\/users\/4"}],"replies":[{"embeddable":true,"href":"https:\/\/eldiariodesanpedro.com.ar\/sitio\/wp-json\/wp\/v2\/comments?post=90396"}],"version-history":[{"count":1,"href":"https:\/\/eldiariodesanpedro.com.ar\/sitio\/wp-json\/wp\/v2\/posts\/90396\/revisions"}],"predecessor-version":[{"id":90398,"href":"https:\/\/eldiariodesanpedro.com.ar\/sitio\/wp-json\/wp\/v2\/posts\/90396\/revisions\/90398"}],"wp:featuredmedia":[{"embeddable":true,"href":"https:\/\/eldiariodesanpedro.com.ar\/sitio\/wp-json\/wp\/v2\/media\/90397"}],"wp:attachment":[{"href":"https:\/\/eldiariodesanpedro.com.ar\/sitio\/wp-json\/wp\/v2\/media?parent=90396"}],"wp:term":[{"taxonomy":"category","embeddable":true,"href":"https:\/\/eldiariodesanpedro.com.ar\/sitio\/wp-json\/wp\/v2\/categories?post=90396"},{"taxonomy":"post_tag","embeddable":true,"href":"https:\/\/eldiariodesanpedro.com.ar\/sitio\/wp-json\/wp\/v2\/tags?post=90396"}],"curies":[{"name":"wp","href":"https:\/\/api.w.org\/{rel}","templated":true}]}}