{"id":90393,"date":"2021-04-05T18:08:19","date_gmt":"2021-04-05T21:08:19","guid":{"rendered":"https:\/\/eldiariodesanpedro.com.ar\/sitio\/?p=90393"},"modified":"2021-04-05T18:08:23","modified_gmt":"2021-04-05T21:08:23","slug":"inquilinos-presentan-amparo-para-suspender-los-desalojos","status":"publish","type":"post","link":"https:\/\/eldiariodesanpedro.com.ar\/sitio\/inquilinos-presentan-amparo-para-suspender-los-desalojos\/","title":{"rendered":"Inquilinos presentan amparo para suspender los desalojos"},"content":{"rendered":"<!-- VideographyWP Plugin Message: Automatic video embedding prevented by plugin options. -->\n\n<p>Una asociaci\u00f3n civil pidi\u00f3 que le exijan al gobierno frenar los desalojos; solo en 45 d\u00edas de 2020 se realizaron la mitad de los desalojos de todo 2019.<\/p>\n\n\n\n<p>Las asociaci\u00f3n civil Inquilinos Agrupados present\u00f3 un amparo contra el fin del decreto que imped\u00eda los desalojos durante la pandemia y con el cual esperan que la Justicia le exija al Ejecutivo que vuelva a suspenderlos.<\/p>\n\n\n\n<p>En representaci\u00f3n de la Federaci\u00f3n de Inquilinos Nacional, la asociaci\u00f3n busca que el Estado frene los desalojos hasta que no tengan un plan concreto de contenci\u00f3n, en tanto que entienden que tras el fin del decreto 320\/20 el pasado 1 de abril, ser\u00e1n miles los desalojos que se llevar\u00e1n a cabo en los pr\u00f3ximos d\u00edas.<\/p>\n\n\n\n<p>Seg\u00fan los datos que la asociaci\u00f3n present\u00f3 en un comunicado, solo en 45 d\u00edas de 2020 se iniciaron la mitad de los desalojos que en todo el 2019. Por lo cual, explican que con el t\u00e9rmino del decreto de Alberto Fern\u00e1ndez por el cual se congelaban los alquileres y se suspend\u00edan los desalojos, las cifras este a\u00f1o podr\u00edan multiplicarse.<\/p>\n\n\n\n<p>El ministerio de Desarrollo Territorial y H\u00e1bitat de la Naci\u00f3n, a cargo del ex intendente de Avellaneda Jorge Ferraresi, hab\u00eda creado un \u201cprotocolo de alerta temprana de desalojos\u201d, que consiste en un registro de la poblaci\u00f3n en riesgo de perder el acceso a la vivienda y, a partir del mismo, aportar soluciones: subsidios, cr\u00e9ditos blandos o el acceso a una residencia alternativa.<\/p>\n\n\n\n<p>Respecto a este punto, la asociaci\u00f3n de inquilinos manifest\u00f3 que el protocolo lleg\u00f3 tarde ya que se propuso a instancias del fin del decreto 320\/20, cuando ya se encuentran en carpeta los desalojos. El presidente de la Federaci\u00f3n de Inquilinos Nacional, Gervasio Mu\u00f1oz, hab\u00eda expresado en ese sentido que \u00abhay mucha desesperaci\u00f3n y angustia, y la extensi\u00f3n del decreto era la \u00fanica herramienta para proteger a esas familias\u201d. Y agreg\u00f3: \u201cHay alrededor de 300 mil hogares que acumulan deudas de alquiler y que no tienen dinero para una mudanza\u201d.<\/p>\n\n\n\n<p><a href=\"https:\/\/media.infocielo.com\/p\/739323f6a3c15915326bd7cde8759a2e\/adjuntos\/299\/imagenes\/000\/886\/0000886048\/los-inquilinos-mostraron-su-preocupacion-el-fin-del-dnu-que-prohible-los-desalojos-y-presentaron-un-amparo.jpg\"><\/a><\/p>\n","protected":false},"excerpt":{"rendered":"<p>Una asociaci\u00f3n civil pidi\u00f3 que le exijan al gobierno frenar los desalojos; solo en 45 d\u00edas de 2020 se realizaron la mitad de los desalojos de todo 2019. Las asociaci\u00f3n civil Inquilinos Agrupados present\u00f3 un amparo contra el fin del decreto que imped\u00eda los desalojos durante la pandemia y con el cual esperan que la [&hellip;]<\/p>\n","protected":false},"author":4,"featured_media":90394,"comment_status":"open","ping_status":"closed","sticky":false,"template":"","format":"standard","meta":{"om_disable_all_campaigns":false,"_jetpack_memberships_contains_paid_content":false,"footnotes":""},"categories":[621],"tags":[],"class_list":["post-90393","post","type-post","status-publish","format-standard","has-post-thumbnail","hentry","category-regionales"],"aioseo_notices":[],"gutentor_comment":0,"jetpack_featured_media_url":"https:\/\/eldiariodesanpedro.com.ar\/sitio\/wp-content\/uploads\/2021\/04\/los-inquilinos-mostraron-su-preocupacion-el-fin-del-dnu-que-prohible-los-desalojos-y-presentaron-un-amparo.jpg","jetpack_shortlink":"https:\/\/wp.me\/p6RhLt-nvX","jetpack_sharing_enabled":true,"_links":{"self":[{"href":"https:\/\/eldiariodesanpedro.com.ar\/sitio\/wp-json\/wp\/v2\/posts\/90393","targetHints":{"allow":["GET"]}}],"collection":[{"href":"https:\/\/eldiariodesanpedro.com.ar\/sitio\/wp-json\/wp\/v2\/posts"}],"about":[{"href":"https:\/\/eldiariodesanpedro.com.ar\/sitio\/wp-json\/wp\/v2\/types\/post"}],"author":[{"embeddable":true,"href":"https:\/\/eldiariodesanpedro.com.ar\/sitio\/wp-json\/wp\/v2\/users\/4"}],"replies":[{"embeddable":true,"href":"https:\/\/eldiariodesanpedro.com.ar\/sitio\/wp-json\/wp\/v2\/comments?post=90393"}],"version-history":[{"count":1,"href":"https:\/\/eldiariodesanpedro.com.ar\/sitio\/wp-json\/wp\/v2\/posts\/90393\/revisions"}],"predecessor-version":[{"id":90395,"href":"https:\/\/eldiariodesanpedro.com.ar\/sitio\/wp-json\/wp\/v2\/posts\/90393\/revisions\/90395"}],"wp:featuredmedia":[{"embeddable":true,"href":"https:\/\/eldiariodesanpedro.com.ar\/sitio\/wp-json\/wp\/v2\/media\/90394"}],"wp:attachment":[{"href":"https:\/\/eldiariodesanpedro.com.ar\/sitio\/wp-json\/wp\/v2\/media?parent=90393"}],"wp:term":[{"taxonomy":"category","embeddable":true,"href":"https:\/\/eldiariodesanpedro.com.ar\/sitio\/wp-json\/wp\/v2\/categories?post=90393"},{"taxonomy":"post_tag","embeddable":true,"href":"https:\/\/eldiariodesanpedro.com.ar\/sitio\/wp-json\/wp\/v2\/tags?post=90393"}],"curies":[{"name":"wp","href":"https:\/\/api.w.org\/{rel}","templated":true}]}}