{"id":90390,"date":"2021-04-05T17:57:09","date_gmt":"2021-04-05T20:57:09","guid":{"rendered":"https:\/\/eldiariodesanpedro.com.ar\/sitio\/?p=90390"},"modified":"2021-04-05T17:57:13","modified_gmt":"2021-04-05T20:57:13","slug":"tras-reunirse-con-los-expertos-en-provincia-se-habla-de-medidas-graduales-y-transitorias","status":"publish","type":"post","link":"https:\/\/eldiariodesanpedro.com.ar\/sitio\/tras-reunirse-con-los-expertos-en-provincia-se-habla-de-medidas-graduales-y-transitorias\/","title":{"rendered":"Tras reunirse con los expertos, en Provincia se habla de \u00abmedidas graduales y transitorias\u00bb"},"content":{"rendered":"<!-- VideographyWP Plugin Message: Automatic video embedding prevented by plugin options. -->\n\n<p>La inminente toma de decisiones ante el incremento de contagios de coronavirus oblig\u00f3 al Gobierno bonaerense a reunirse con el Comit\u00e9 de Expertos que asesora a Axel Kicillof para evaluar medidas urgentes.<\/p>\n\n\n\n<p>De manera virtual, se repasaron los datos de las \u00faltimas semanas y se hizo hincapi\u00e9 en el fortalecimiento de pol\u00edticas de cuidado para acompa\u00f1ar al plan de vacunaci\u00f3n, en un encuentro del que participaron tambi\u00e9n el jefe de Gabinete, Carlos Bianco; la directora general de Cultura y Educaci\u00f3n, Agustina Vila; los ministros de Salud, Daniel Gollan, y de Desarrollo de la Comunidad, Andr\u00e9s Larroque, y el viceministro de Salud, Nicol\u00e1s Kreplak.<\/p>\n\n\n\n<p>Al respecto, Kicillof sostuvo que \u201cnuestro objetivo es demorar los contagios mientras aceleramos el plan de vacunaci\u00f3n y seguimos trabajando para aplicar una mayor cantidad de dosis\u201d, al tiempo que inform\u00f3 que \u201cesta tarde habr\u00e1 una reuni\u00f3n tripartita junto a autoridades de la Naci\u00f3n y de la Ciudad de Buenos Aires para avanzar en la adopci\u00f3n de medidas conjuntas\u201d.<\/p>\n\n\n\n<p>Respecto al plan p\u00fablico, gratuito y optativo de vacunaci\u00f3n, el Gobernador se\u00f1al\u00f3 que \u201cen las pr\u00f3ximas semanas podremos escalar la inmunizaci\u00f3n para alcanzar el hito de los 2,5 millones de bonaerenses vacunados\u201d, agregando que \u00abesto incluye a todas y todos los mayores de 70 a\u00f1os registrados, a quienes tengan m\u00e1s de 60 a\u00f1os y presenten alguna enfermedad de base y al sistema de salud en su totalidad\u201d.&nbsp;<\/p>\n\n\n\n<p>Kicillof insisti\u00f3 en que \u201chay que llamar nuevamente la atenci\u00f3n de la sociedad porque los casos est\u00e1n aumentando de forma acelerada\u201d, y concluy\u00f3: \u201cTodas las medidas de cuidado que se adopten estar\u00e1n asociadas al acompa\u00f1amiento del plan de vacunaci\u00f3n\u201d.&nbsp;<\/p>\n\n\n\n<p>Por su parte, Gollan destac\u00f3 el \u201cconsenso alcanzado con el aval de todos los ministros y las ministras de Salud de las diferentes jurisdicciones para diferir la administraci\u00f3n de las segundas dosis\u201d, y a\u00f1adi\u00f3: \u201cSe trata de un criterio epidemiol\u00f3gico necesario ante los problemas que se observan en todo el mundo en t\u00e9rminos de la adquisici\u00f3n de vacunas, con el objetivo de evitar las formas graves de la enfermedad y las muertes\u201d.<\/p>\n\n\n\n<p>A su turno, Kreplak hizo un repaso de la situaci\u00f3n epidemiol\u00f3gica de la \u00faltima semana: \u201cHan aumentado los casos y la positividad, as\u00ed como la utilizaci\u00f3n de las camas de terapia intensiva en toda la Provincia\u201d, y analiz\u00f3 que \u00abtambi\u00e9n se observa una curva ascendente en los llamados a la l\u00ednea 148, con epicentro en la zona sur del conurbano bonaerense\u201d.<\/p>\n\n\n\n<p>\u201cLa campa\u00f1a de vacunaci\u00f3n est\u00e1 arrojando resultados muy importantes: han disminuido significativamente los contagios en el personal de salud\u201d, subray\u00f3 Kreplak, en tanto que puntualiz\u00f3 que \u201cse han otorgado m\u00e1s de 350 mil turnos para seguir acelerando la campa\u00f1a desde hoy hasta el pr\u00f3ximo viernes\u201d.<\/p>\n\n\n\n<p>Uno de los expertos, Guillermo Docena, se refiri\u00f3 a \u201cmedidas graduales con restricciones que resulten transitorias, con especial \u00e9nfasis en la utilizaci\u00f3n del transporte p\u00fablico\u201d, mientras que Rosa Bologna valor\u00f3 que \u201chay un aumento de los casos en adolescentes que est\u00e1 vinculado a la nocturnidad, las reuniones sociales y la movilidad que conllevan las clases presenciales\u201d.<\/p>\n\n\n\n<p>Por parte del Comit\u00e9 de Expertos estuvieron presentes, adem\u00e1s, Elisa Estenssoro, Ezequiel Alvarez, Jorge Rachid, Juan Manuel Carballeda, Jorge Aliaga, Rodrigo Quiroga, Ana Huergo, Daniel Feierstein, Irene Pagano, Sebasti\u00e1n Uchitel, V\u00edctor Romanowski, Tom\u00e1s Orduna, Franco M\u00e1rsico, Susana Ortale, Clarisa Testa, Santiago Pesci, Soledad Gonzalez, Marina Pifano, Federico Aguero, Leonel Tesler, Marita Conti y Guillermo Dur\u00e1n.<\/p>\n\n\n\n<p>Participaron tambi\u00e9n de la videoconferencia el jefe de Asesores del Ministerio de Salud, Enio Garc\u00eda; la directora de Epidemiolog\u00eda, Teresa Varela; las subsecretar\u00edas de Salud Mental, Julieta Calmels, y de Gesti\u00f3n de la Informaci\u00f3n, Educaci\u00f3n Permanente y Fiscalizaci\u00f3n, Leticia Ceriani; los presidentes de la Comisi\u00f3n de Investigaciones Cient\u00edficas, Carlos Na\u00f3n; y de IOMA, Homero Giles; y el subsecretario de Ciencia y Tecnolog\u00eda provincial, Federico Ag\u00fcero.<\/p>\n\n\n\n<p>Una fuente le dijo a este medio que la semana pasada, en la mesa chica del Gobernador, se convers\u00f3 sobre el tema y se decidi\u00f3 que, a medida que los casos se incrementen, se ir\u00e1n restringiendo actividades de manera paulatina. \u201cHay mucha preocupaci\u00f3n y si no se cierra todo de golpe es para evitar el golpe duro que eso significar\u00eda para la gente, pero si la ola sigue as\u00ed se ir\u00e1n cerrando cada vez m\u00e1s cosas\u201d, advirti\u00f3.&nbsp;<\/p>\n","protected":false},"excerpt":{"rendered":"<p>La inminente toma de decisiones ante el incremento de contagios de coronavirus oblig\u00f3 al Gobierno bonaerense a reunirse con el Comit\u00e9 de Expertos que asesora a Axel Kicillof para evaluar medidas urgentes. De manera virtual, se repasaron los datos de las \u00faltimas semanas y se hizo hincapi\u00e9 en el fortalecimiento de pol\u00edticas de cuidado para [&hellip;]<\/p>\n","protected":false},"author":4,"featured_media":90391,"comment_status":"open","ping_status":"closed","sticky":false,"template":"","format":"standard","meta":{"om_disable_all_campaigns":false,"_jetpack_memberships_contains_paid_content":false,"footnotes":""},"categories":[621],"tags":[],"class_list":["post-90390","post","type-post","status-publish","format-standard","has-post-thumbnail","hentry","category-regionales"],"aioseo_notices":[],"gutentor_comment":0,"jetpack_featured_media_url":"https:\/\/eldiariodesanpedro.com.ar\/sitio\/wp-content\/uploads\/2021\/04\/1616496578_310365_1616497118_noticia_normal_recorte1.jpg","jetpack_shortlink":"https:\/\/wp.me\/p6RhLt-nvU","jetpack_sharing_enabled":true,"_links":{"self":[{"href":"https:\/\/eldiariodesanpedro.com.ar\/sitio\/wp-json\/wp\/v2\/posts\/90390","targetHints":{"allow":["GET"]}}],"collection":[{"href":"https:\/\/eldiariodesanpedro.com.ar\/sitio\/wp-json\/wp\/v2\/posts"}],"about":[{"href":"https:\/\/eldiariodesanpedro.com.ar\/sitio\/wp-json\/wp\/v2\/types\/post"}],"author":[{"embeddable":true,"href":"https:\/\/eldiariodesanpedro.com.ar\/sitio\/wp-json\/wp\/v2\/users\/4"}],"replies":[{"embeddable":true,"href":"https:\/\/eldiariodesanpedro.com.ar\/sitio\/wp-json\/wp\/v2\/comments?post=90390"}],"version-history":[{"count":1,"href":"https:\/\/eldiariodesanpedro.com.ar\/sitio\/wp-json\/wp\/v2\/posts\/90390\/revisions"}],"predecessor-version":[{"id":90392,"href":"https:\/\/eldiariodesanpedro.com.ar\/sitio\/wp-json\/wp\/v2\/posts\/90390\/revisions\/90392"}],"wp:featuredmedia":[{"embeddable":true,"href":"https:\/\/eldiariodesanpedro.com.ar\/sitio\/wp-json\/wp\/v2\/media\/90391"}],"wp:attachment":[{"href":"https:\/\/eldiariodesanpedro.com.ar\/sitio\/wp-json\/wp\/v2\/media?parent=90390"}],"wp:term":[{"taxonomy":"category","embeddable":true,"href":"https:\/\/eldiariodesanpedro.com.ar\/sitio\/wp-json\/wp\/v2\/categories?post=90390"},{"taxonomy":"post_tag","embeddable":true,"href":"https:\/\/eldiariodesanpedro.com.ar\/sitio\/wp-json\/wp\/v2\/tags?post=90390"}],"curies":[{"name":"wp","href":"https:\/\/api.w.org\/{rel}","templated":true}]}}