{"id":90386,"date":"2021-04-05T17:53:07","date_gmt":"2021-04-05T20:53:07","guid":{"rendered":"https:\/\/eldiariodesanpedro.com.ar\/sitio\/?p=90386"},"modified":"2021-04-05T17:53:11","modified_gmt":"2021-04-05T20:53:11","slug":"agenda-de-trabajo-con-el-inta-san-pedro","status":"publish","type":"post","link":"https:\/\/eldiariodesanpedro.com.ar\/sitio\/agenda-de-trabajo-con-el-inta-san-pedro\/","title":{"rendered":"Agenda de trabajo con el INTA San Pedro"},"content":{"rendered":"<!-- VideographyWP Plugin Message: Automatic video embedding prevented by plugin options. -->\n\n<p>El equipo de la Secretar\u00eda de Desarrollo Econ\u00f3mico encabezado por su titular Alfredo Carrasco mantuvo esta ma\u00f1ana una reuni\u00f3n con la Directora de la Estaci\u00f3n Experimental del INTA San Pedro y su equipo t\u00e9cnico.<\/p>\n\n\n\n<p>El encuentro se organiz\u00f3 para abordar la agenda de programas en conjunto que llevan adelante desde comienzos de la gesti\u00f3n del Intendente Cecilio Salazar.<\/p>\n\n\n\n<p>Esta agenda incluye programas tales como \u201cSilo Batata\u201d, \u201cBatata Sampedrina\u201d, \u201cRosas libre de virus\u201d y ciclos de capacitaci\u00f3n conjunta.<\/p>\n\n\n\n<p>Desde la Secretar\u00eda en esta nueva etapa se est\u00e1n fortaleciendo los v\u00ednculos con todas las organizaciones que son parte de la producci\u00f3n de la regi\u00f3n para continuar trabajando en conjunto.<\/p>\n","protected":false},"excerpt":{"rendered":"<p>El equipo de la Secretar\u00eda de Desarrollo Econ\u00f3mico encabezado por su titular Alfredo Carrasco mantuvo esta ma\u00f1ana una reuni\u00f3n con la Directora de la Estaci\u00f3n Experimental del INTA San Pedro y su equipo t\u00e9cnico. El encuentro se organiz\u00f3 para abordar la agenda de programas en conjunto que llevan adelante desde comienzos de la gesti\u00f3n del [&hellip;]<\/p>\n","protected":false},"author":4,"featured_media":90387,"comment_status":"open","ping_status":"closed","sticky":false,"template":"","format":"standard","meta":{"om_disable_all_campaigns":false,"_jetpack_memberships_contains_paid_content":false,"footnotes":""},"categories":[101,2],"tags":[],"class_list":["post-90386","post","type-post","status-publish","format-standard","has-post-thumbnail","hentry","category-interes-general-locales","category-locales"],"aioseo_notices":[],"gutentor_comment":0,"jetpack_featured_media_url":"https:\/\/eldiariodesanpedro.com.ar\/sitio\/wp-content\/uploads\/2021\/04\/WhatsApp-Image-2021-04-05-at-17.47.19.jpeg","jetpack_shortlink":"https:\/\/wp.me\/p6RhLt-nvQ","jetpack_sharing_enabled":true,"_links":{"self":[{"href":"https:\/\/eldiariodesanpedro.com.ar\/sitio\/wp-json\/wp\/v2\/posts\/90386","targetHints":{"allow":["GET"]}}],"collection":[{"href":"https:\/\/eldiariodesanpedro.com.ar\/sitio\/wp-json\/wp\/v2\/posts"}],"about":[{"href":"https:\/\/eldiariodesanpedro.com.ar\/sitio\/wp-json\/wp\/v2\/types\/post"}],"author":[{"embeddable":true,"href":"https:\/\/eldiariodesanpedro.com.ar\/sitio\/wp-json\/wp\/v2\/users\/4"}],"replies":[{"embeddable":true,"href":"https:\/\/eldiariodesanpedro.com.ar\/sitio\/wp-json\/wp\/v2\/comments?post=90386"}],"version-history":[{"count":1,"href":"https:\/\/eldiariodesanpedro.com.ar\/sitio\/wp-json\/wp\/v2\/posts\/90386\/revisions"}],"predecessor-version":[{"id":90388,"href":"https:\/\/eldiariodesanpedro.com.ar\/sitio\/wp-json\/wp\/v2\/posts\/90386\/revisions\/90388"}],"wp:featuredmedia":[{"embeddable":true,"href":"https:\/\/eldiariodesanpedro.com.ar\/sitio\/wp-json\/wp\/v2\/media\/90387"}],"wp:attachment":[{"href":"https:\/\/eldiariodesanpedro.com.ar\/sitio\/wp-json\/wp\/v2\/media?parent=90386"}],"wp:term":[{"taxonomy":"category","embeddable":true,"href":"https:\/\/eldiariodesanpedro.com.ar\/sitio\/wp-json\/wp\/v2\/categories?post=90386"},{"taxonomy":"post_tag","embeddable":true,"href":"https:\/\/eldiariodesanpedro.com.ar\/sitio\/wp-json\/wp\/v2\/tags?post=90386"}],"curies":[{"name":"wp","href":"https:\/\/api.w.org\/{rel}","templated":true}]}}