{"id":90378,"date":"2021-04-05T17:28:45","date_gmt":"2021-04-05T20:28:45","guid":{"rendered":"https:\/\/eldiariodesanpedro.com.ar\/sitio\/?p=90378"},"modified":"2021-04-05T17:28:49","modified_gmt":"2021-04-05T20:28:49","slug":"vacunacion-de-mascotas-en-los-aromitos","status":"publish","type":"post","link":"https:\/\/eldiariodesanpedro.com.ar\/sitio\/vacunacion-de-mascotas-en-los-aromitos\/","title":{"rendered":"Vacunaci\u00f3n de mascotas en Los Aromitos"},"content":{"rendered":"<!-- VideographyWP Plugin Message: Automatic video embedding prevented by plugin options. -->\n\n<p>El Departamento Canino informa que contin\u00faa la campa\u00f1a de vacunaci\u00f3n para perros y gatos, este mi\u00e9rcoles 7 de abril se instalar\u00e1 un equipo del \u00e1rea en el Barrio Los Aromitos (Estrada 140).<\/p>\n\n\n\n<p>Se invita a quienes deseen acercar sus mascotas a hacerlo entre las 8.30 y 12.30 hs.<\/p>\n\n\n\n<p>Departamento Canino<br>Secretar\u00eda de Salud<br>Municipalidad de San Pedro<\/p>\n","protected":false},"excerpt":{"rendered":"<p>El Departamento Canino informa que contin\u00faa la campa\u00f1a de vacunaci\u00f3n para perros y gatos, este mi\u00e9rcoles 7 de abril se instalar\u00e1 un equipo del \u00e1rea en el Barrio Los Aromitos (Estrada 140). Se invita a quienes deseen acercar sus mascotas a hacerlo entre las 8.30 y 12.30 hs. Departamento CaninoSecretar\u00eda de SaludMunicipalidad de San Pedro<\/p>\n","protected":false},"author":4,"featured_media":90382,"comment_status":"open","ping_status":"closed","sticky":false,"template":"","format":"standard","meta":{"om_disable_all_campaigns":false,"_jetpack_memberships_contains_paid_content":false,"footnotes":""},"categories":[101,2],"tags":[],"class_list":["post-90378","post","type-post","status-publish","format-standard","has-post-thumbnail","hentry","category-interes-general-locales","category-locales"],"aioseo_notices":[],"gutentor_comment":0,"jetpack_featured_media_url":"https:\/\/eldiariodesanpedro.com.ar\/sitio\/wp-content\/uploads\/2021\/04\/WhatsApp-Image-2021-04-05-at-17.10.13.jpeg","jetpack_shortlink":"https:\/\/wp.me\/p6RhLt-nvI","jetpack_sharing_enabled":true,"_links":{"self":[{"href":"https:\/\/eldiariodesanpedro.com.ar\/sitio\/wp-json\/wp\/v2\/posts\/90378","targetHints":{"allow":["GET"]}}],"collection":[{"href":"https:\/\/eldiariodesanpedro.com.ar\/sitio\/wp-json\/wp\/v2\/posts"}],"about":[{"href":"https:\/\/eldiariodesanpedro.com.ar\/sitio\/wp-json\/wp\/v2\/types\/post"}],"author":[{"embeddable":true,"href":"https:\/\/eldiariodesanpedro.com.ar\/sitio\/wp-json\/wp\/v2\/users\/4"}],"replies":[{"embeddable":true,"href":"https:\/\/eldiariodesanpedro.com.ar\/sitio\/wp-json\/wp\/v2\/comments?post=90378"}],"version-history":[{"count":1,"href":"https:\/\/eldiariodesanpedro.com.ar\/sitio\/wp-json\/wp\/v2\/posts\/90378\/revisions"}],"predecessor-version":[{"id":90383,"href":"https:\/\/eldiariodesanpedro.com.ar\/sitio\/wp-json\/wp\/v2\/posts\/90378\/revisions\/90383"}],"wp:featuredmedia":[{"embeddable":true,"href":"https:\/\/eldiariodesanpedro.com.ar\/sitio\/wp-json\/wp\/v2\/media\/90382"}],"wp:attachment":[{"href":"https:\/\/eldiariodesanpedro.com.ar\/sitio\/wp-json\/wp\/v2\/media?parent=90378"}],"wp:term":[{"taxonomy":"category","embeddable":true,"href":"https:\/\/eldiariodesanpedro.com.ar\/sitio\/wp-json\/wp\/v2\/categories?post=90378"},{"taxonomy":"post_tag","embeddable":true,"href":"https:\/\/eldiariodesanpedro.com.ar\/sitio\/wp-json\/wp\/v2\/tags?post=90378"}],"curies":[{"name":"wp","href":"https:\/\/api.w.org\/{rel}","templated":true}]}}