{"id":90375,"date":"2021-04-05T12:37:42","date_gmt":"2021-04-05T15:37:42","guid":{"rendered":"https:\/\/eldiariodesanpedro.com.ar\/sitio\/?p=90375"},"modified":"2021-04-05T12:37:46","modified_gmt":"2021-04-05T15:37:46","slug":"baradero-colision-frontal-y-vuelco-de-un-patrullero-de-la-rural","status":"publish","type":"post","link":"https:\/\/eldiariodesanpedro.com.ar\/sitio\/baradero-colision-frontal-y-vuelco-de-un-patrullero-de-la-rural\/","title":{"rendered":"BARADERO | Colisi\u00f3n frontal y vuelco de un patrullero de la Rural"},"content":{"rendered":"<!-- VideographyWP Plugin Message: Automatic video embedding prevented by plugin options. -->\n\n<p>En el kil\u00f3metro 297 de la ruta 41, en cercan\u00edas de la ciudad de Baradero, un veh\u00edculo Gol Trend, chapa patente OWC 344, conducido por Hugo Cubilla, de 30 a\u00f1os, acompa\u00f1ado por Nora Ibarra de 41; al pasar sobre las v\u00edas del ferrocarril perdi\u00f3 el control y colision\u00f3 de frente con el m\u00f3vil policial orden 20799 CPR Baradero, conducido por el oficial Gast\u00f3n G\u00f3mez, acompa\u00f1ado por la oficial Lara Danise Troyas.<\/p>\n\n\n\n<p>Ambos efectivos policiales resultaron heridos en sus miembros superiores, en estado de plena conciencia, a pesar de la espectacularidad del vuelco del m\u00f3vil en el que se desplazaban.<\/p>\n\n\n\n<p>Se puso en conocimiento del hecho al Dr. Sergio Ocampo, de la UFI N\u00ba8, quien dispuso se de intervenci\u00f3n a Prefectura Naval Argentina, sede Baradero.<\/p>\n\n\n\n<p>Fuente: Diario El Informante<\/p>\n","protected":false},"excerpt":{"rendered":"<p>En el kil\u00f3metro 297 de la ruta 41, en cercan\u00edas de la ciudad de Baradero, un veh\u00edculo Gol Trend, chapa patente OWC 344, conducido por Hugo Cubilla, de 30 a\u00f1os, acompa\u00f1ado por Nora Ibarra de 41; al pasar sobre las v\u00edas del ferrocarril perdi\u00f3 el control y colision\u00f3 de frente con el m\u00f3vil policial orden [&hellip;]<\/p>\n","protected":false},"author":4,"featured_media":90376,"comment_status":"open","ping_status":"closed","sticky":false,"template":"","format":"standard","meta":{"om_disable_all_campaigns":false,"_jetpack_memberships_contains_paid_content":false,"footnotes":""},"categories":[621],"tags":[],"class_list":["post-90375","post","type-post","status-publish","format-standard","has-post-thumbnail","hentry","category-regionales"],"aioseo_notices":[],"gutentor_comment":0,"jetpack_featured_media_url":"https:\/\/eldiariodesanpedro.com.ar\/sitio\/wp-content\/uploads\/2021\/04\/no_zind05sngktglj6WhatsApp_Image_2021_04_03_at_15.42.16.jpg","jetpack_shortlink":"https:\/\/wp.me\/p6RhLt-nvF","jetpack_sharing_enabled":true,"_links":{"self":[{"href":"https:\/\/eldiariodesanpedro.com.ar\/sitio\/wp-json\/wp\/v2\/posts\/90375","targetHints":{"allow":["GET"]}}],"collection":[{"href":"https:\/\/eldiariodesanpedro.com.ar\/sitio\/wp-json\/wp\/v2\/posts"}],"about":[{"href":"https:\/\/eldiariodesanpedro.com.ar\/sitio\/wp-json\/wp\/v2\/types\/post"}],"author":[{"embeddable":true,"href":"https:\/\/eldiariodesanpedro.com.ar\/sitio\/wp-json\/wp\/v2\/users\/4"}],"replies":[{"embeddable":true,"href":"https:\/\/eldiariodesanpedro.com.ar\/sitio\/wp-json\/wp\/v2\/comments?post=90375"}],"version-history":[{"count":1,"href":"https:\/\/eldiariodesanpedro.com.ar\/sitio\/wp-json\/wp\/v2\/posts\/90375\/revisions"}],"predecessor-version":[{"id":90377,"href":"https:\/\/eldiariodesanpedro.com.ar\/sitio\/wp-json\/wp\/v2\/posts\/90375\/revisions\/90377"}],"wp:featuredmedia":[{"embeddable":true,"href":"https:\/\/eldiariodesanpedro.com.ar\/sitio\/wp-json\/wp\/v2\/media\/90376"}],"wp:attachment":[{"href":"https:\/\/eldiariodesanpedro.com.ar\/sitio\/wp-json\/wp\/v2\/media?parent=90375"}],"wp:term":[{"taxonomy":"category","embeddable":true,"href":"https:\/\/eldiariodesanpedro.com.ar\/sitio\/wp-json\/wp\/v2\/categories?post=90375"},{"taxonomy":"post_tag","embeddable":true,"href":"https:\/\/eldiariodesanpedro.com.ar\/sitio\/wp-json\/wp\/v2\/tags?post=90375"}],"curies":[{"name":"wp","href":"https:\/\/api.w.org\/{rel}","templated":true}]}}