{"id":90372,"date":"2021-04-05T12:29:17","date_gmt":"2021-04-05T15:29:17","guid":{"rendered":"https:\/\/eldiariodesanpedro.com.ar\/sitio\/?p=90372"},"modified":"2021-04-05T12:29:22","modified_gmt":"2021-04-05T15:29:22","slug":"san-nicolas-entro-a-robar-y-quedo-atascado-en-la-chimenea","status":"publish","type":"post","link":"https:\/\/eldiariodesanpedro.com.ar\/sitio\/san-nicolas-entro-a-robar-y-quedo-atascado-en-la-chimenea\/","title":{"rendered":"SAN NICOL\u00c1S | Entr\u00f3 a robar y qued\u00f3 atascado en la chimenea"},"content":{"rendered":"<!-- VideographyWP Plugin Message: Automatic video embedding prevented by plugin options. -->\n\n<p>Personal del Comando de Patrulla y Polic\u00eda local se hicieron presentes en Pte. Per\u00f3n al 2000, donde se encuentra el comercio SERVICAR, lugar en el que procedieron a la aprehensi\u00f3n de Dami\u00e1n Reina de 29 a\u00f1os, quien fue sorprendido por el propietario del inmueble de 70 a\u00f1os, atascado intentando ingresar por el viaducto de ventilaci\u00f3n.&nbsp;<\/p>\n\n\n\n<p>Por lo que se pudo saber, Reina, al verse atorado y sin posibilidades de liberarse, comenz\u00f3 a pedir ayuda a gritos siendo esto advertido por vecinos que le avisaron al due\u00f1o y a la polic\u00eda.&nbsp;<\/p>\n\n\n\n<p>Personal de bomberos liber\u00f3 al frustrado malviviente que, luego de ser atendido por una ambulancia del SAME, fue inmediatamente trasladado a la dependencia policial por tentativa de hurto.<\/p>\n\n\n\n<p>Fuente: <a href=\"https:\/\/diarioelnorte.com.ar\/entro-a-robar-y-quedo-atascado-en-la-chimenea\/\">Diario El Norte<\/a><\/p>\n","protected":false},"excerpt":{"rendered":"<p>Personal del Comando de Patrulla y Polic\u00eda local se hicieron presentes en Pte. Per\u00f3n al 2000, donde se encuentra el comercio SERVICAR, lugar en el que procedieron a la aprehensi\u00f3n de Dami\u00e1n Reina de 29 a\u00f1os, quien fue sorprendido por el propietario del inmueble de 70 a\u00f1os, atascado intentando ingresar por el viaducto de ventilaci\u00f3n.&nbsp; [&hellip;]<\/p>\n","protected":false},"author":4,"featured_media":90373,"comment_status":"open","ping_status":"closed","sticky":false,"template":"","format":"standard","meta":{"om_disable_all_campaigns":false,"_jetpack_memberships_contains_paid_content":false,"footnotes":""},"categories":[621],"tags":[],"class_list":["post-90372","post","type-post","status-publish","format-standard","has-post-thumbnail","hentry","category-regionales"],"aioseo_notices":[],"gutentor_comment":0,"jetpack_featured_media_url":"https:\/\/eldiariodesanpedro.com.ar\/sitio\/wp-content\/uploads\/2021\/04\/8-fotonoticia-3x10-2.jpg","jetpack_shortlink":"https:\/\/wp.me\/p6RhLt-nvC","jetpack_sharing_enabled":true,"_links":{"self":[{"href":"https:\/\/eldiariodesanpedro.com.ar\/sitio\/wp-json\/wp\/v2\/posts\/90372","targetHints":{"allow":["GET"]}}],"collection":[{"href":"https:\/\/eldiariodesanpedro.com.ar\/sitio\/wp-json\/wp\/v2\/posts"}],"about":[{"href":"https:\/\/eldiariodesanpedro.com.ar\/sitio\/wp-json\/wp\/v2\/types\/post"}],"author":[{"embeddable":true,"href":"https:\/\/eldiariodesanpedro.com.ar\/sitio\/wp-json\/wp\/v2\/users\/4"}],"replies":[{"embeddable":true,"href":"https:\/\/eldiariodesanpedro.com.ar\/sitio\/wp-json\/wp\/v2\/comments?post=90372"}],"version-history":[{"count":1,"href":"https:\/\/eldiariodesanpedro.com.ar\/sitio\/wp-json\/wp\/v2\/posts\/90372\/revisions"}],"predecessor-version":[{"id":90374,"href":"https:\/\/eldiariodesanpedro.com.ar\/sitio\/wp-json\/wp\/v2\/posts\/90372\/revisions\/90374"}],"wp:featuredmedia":[{"embeddable":true,"href":"https:\/\/eldiariodesanpedro.com.ar\/sitio\/wp-json\/wp\/v2\/media\/90373"}],"wp:attachment":[{"href":"https:\/\/eldiariodesanpedro.com.ar\/sitio\/wp-json\/wp\/v2\/media?parent=90372"}],"wp:term":[{"taxonomy":"category","embeddable":true,"href":"https:\/\/eldiariodesanpedro.com.ar\/sitio\/wp-json\/wp\/v2\/categories?post=90372"},{"taxonomy":"post_tag","embeddable":true,"href":"https:\/\/eldiariodesanpedro.com.ar\/sitio\/wp-json\/wp\/v2\/tags?post=90372"}],"curies":[{"name":"wp","href":"https:\/\/api.w.org\/{rel}","templated":true}]}}