{"id":90370,"date":"2021-04-05T12:20:41","date_gmt":"2021-04-05T15:20:41","guid":{"rendered":"https:\/\/eldiariodesanpedro.com.ar\/sitio\/?p=90370"},"modified":"2021-04-05T12:20:49","modified_gmt":"2021-04-05T15:20:49","slug":"campana-piden-cadena-de-oracion-por-ciro-el-bebe-que-sobrevivio-al-choque-en-ruta-6-donde-murio-su-padre","status":"publish","type":"post","link":"https:\/\/eldiariodesanpedro.com.ar\/sitio\/campana-piden-cadena-de-oracion-por-ciro-el-bebe-que-sobrevivio-al-choque-en-ruta-6-donde-murio-su-padre\/","title":{"rendered":"CAMPANA | Piden cadena de oraci\u00f3n por Ciro el bebe que sobrevivi\u00f3 al choque en ruta 6 donde muri\u00f3 su padre"},"content":{"rendered":"<!-- VideographyWP Plugin Message: Automatic video embedding prevented by plugin options. -->\n\n<h4 class=\"wp-block-heading\">La repentina muerte de Mart\u00edn Ormache, trabajador de la Guardia Urbana Municipal de Crespo, Entre Rios, ocurrida sobre la ruta 6 a la altura del barrio San Jorge de Campana despert\u00f3 gran congoja entre sus compa\u00f1eros de trabajo y en la comunidad.<\/h4>\n\n\n\n<p>Mart\u00edn Ormache era muy conocido y con una personalidad afectuosa. \u201cBuen compa\u00f1ero y hombre de familia\u201d fueron algunas de las caracter\u00edsticas que destacaban sus amigos, mientras que las autoridades municipales reconocieron en Ormache su desempe\u00f1o y predisposici\u00f3n como servidor perteneciente al \u00c1rea de Prevenci\u00f3n y Seguridad Urbana Municipal<\/p>\n\n\n\n<p>Ormache hab\u00eda viajado a Buenos Aires para descansar unos d\u00edas junto a su esposa y su peque\u00f1o hijo de 8 meses, pero el inesperado desenlace trunc\u00f3 los planes de la familia. El siniestro ocurri\u00f3 el viernes sobre la Ruta 6 a la altura del Barrio San Jorge, en inmediaciones del partido de Campana.<\/p>\n\n\n\n<p>Como consecuencia del choque, el crespense, que conduc\u00eda un Renault Megane, muri\u00f3 en el acto. Su esposa, Carina Negrete y su hijo Ciro, un beb\u00e9 de 6 meses meses de vida que iban en el asiento trasero, fueron rescatados por Bomberos.<\/p>\n\n\n\n<p>Si bien las primeras noticias daban cuenta que la mujer estaba grave y que el ni\u00f1o hab\u00eda salido ileso, una vez ingresado al centro asistencial se conoci\u00f3 que el peque\u00f1o presentaba traumatismo de cr\u00e1neo y se encuentra internado en terapia intensiva. En tanto que la madre sufri\u00f3 fracturas en ambas piernas, pero su evoluci\u00f3n es favorable.<\/p>\n\n\n\n<p>La hermana de hombre fallecido comunic\u00f3 que ten\u00eda previsto viajar a Buenos Aires para recibir el cuerpo de Mart\u00edn para su posterior velatorio.<br>El peque\u00f1o est\u00e1 internado en Pilar \u201cen terapia con traumatismo de cr\u00e1neo\u201d y se esperaba conocer su evoluci\u00f3n en las pr\u00f3ximas 48 horas. \u201cS\u00f3lo les pido recen por Ciro y su mam\u00e1\u201d, expres\u00f3.<\/p>\n\n\n\n<p>Fuente: <a href=\"https:\/\/infozc.com\/2021\/04\/04\/piden-cadena-de-oracion-por-ciro-el-bebe-que-sobrevivio-al-choque-en-ruta-6-donde-murio-su-padre\/\">Info ZC<\/a><\/p>\n","protected":false},"excerpt":{"rendered":"<p>La repentina muerte de Mart\u00edn Ormache, trabajador de la Guardia Urbana Municipal de Crespo, Entre Rios, ocurrida sobre la ruta 6 a la altura del barrio San Jorge de Campana despert\u00f3 gran congoja entre sus compa\u00f1eros de trabajo y en la comunidad. Mart\u00edn Ormache era muy conocido y con una personalidad afectuosa. \u201cBuen compa\u00f1ero y [&hellip;]<\/p>\n","protected":false},"author":4,"featured_media":90248,"comment_status":"open","ping_status":"closed","sticky":false,"template":"","format":"standard","meta":{"om_disable_all_campaigns":false,"_jetpack_memberships_contains_paid_content":false,"footnotes":""},"categories":[621],"tags":[],"class_list":["post-90370","post","type-post","status-publish","format-standard","has-post-thumbnail","hentry","category-regionales"],"aioseo_notices":[],"gutentor_comment":0,"jetpack_featured_media_url":"https:\/\/eldiariodesanpedro.com.ar\/sitio\/wp-content\/uploads\/2021\/04\/Accidente.jpg","jetpack_shortlink":"https:\/\/wp.me\/p6RhLt-nvA","jetpack_sharing_enabled":true,"_links":{"self":[{"href":"https:\/\/eldiariodesanpedro.com.ar\/sitio\/wp-json\/wp\/v2\/posts\/90370","targetHints":{"allow":["GET"]}}],"collection":[{"href":"https:\/\/eldiariodesanpedro.com.ar\/sitio\/wp-json\/wp\/v2\/posts"}],"about":[{"href":"https:\/\/eldiariodesanpedro.com.ar\/sitio\/wp-json\/wp\/v2\/types\/post"}],"author":[{"embeddable":true,"href":"https:\/\/eldiariodesanpedro.com.ar\/sitio\/wp-json\/wp\/v2\/users\/4"}],"replies":[{"embeddable":true,"href":"https:\/\/eldiariodesanpedro.com.ar\/sitio\/wp-json\/wp\/v2\/comments?post=90370"}],"version-history":[{"count":1,"href":"https:\/\/eldiariodesanpedro.com.ar\/sitio\/wp-json\/wp\/v2\/posts\/90370\/revisions"}],"predecessor-version":[{"id":90371,"href":"https:\/\/eldiariodesanpedro.com.ar\/sitio\/wp-json\/wp\/v2\/posts\/90370\/revisions\/90371"}],"wp:featuredmedia":[{"embeddable":true,"href":"https:\/\/eldiariodesanpedro.com.ar\/sitio\/wp-json\/wp\/v2\/media\/90248"}],"wp:attachment":[{"href":"https:\/\/eldiariodesanpedro.com.ar\/sitio\/wp-json\/wp\/v2\/media?parent=90370"}],"wp:term":[{"taxonomy":"category","embeddable":true,"href":"https:\/\/eldiariodesanpedro.com.ar\/sitio\/wp-json\/wp\/v2\/categories?post=90370"},{"taxonomy":"post_tag","embeddable":true,"href":"https:\/\/eldiariodesanpedro.com.ar\/sitio\/wp-json\/wp\/v2\/tags?post=90370"}],"curies":[{"name":"wp","href":"https:\/\/api.w.org\/{rel}","templated":true}]}}