{"id":90367,"date":"2021-04-05T12:14:40","date_gmt":"2021-04-05T15:14:40","guid":{"rendered":"https:\/\/eldiariodesanpedro.com.ar\/sitio\/?p=90367"},"modified":"2021-04-05T12:14:44","modified_gmt":"2021-04-05T15:14:44","slug":"zarate-apunto-con-una-pistola-a-la-cabeza-de-una-bebe-la-hirio-en-el-brazo-y-lo-detuvieron-los-detalles-del-aberrante-hecho","status":"publish","type":"post","link":"https:\/\/eldiariodesanpedro.com.ar\/sitio\/zarate-apunto-con-una-pistola-a-la-cabeza-de-una-bebe-la-hirio-en-el-brazo-y-lo-detuvieron-los-detalles-del-aberrante-hecho\/","title":{"rendered":"Z\u00c1RATE | Apunt\u00f3 con una pistola a la cabeza de una beb\u00e9, la hiri\u00f3 en el brazo y lo detuvieron: los detalles del aberrante hecho"},"content":{"rendered":"<!-- VideographyWP Plugin Message: Automatic video embedding prevented by plugin options. -->\n\n<p>Un grave hecho de sangre ocurri\u00f3 esta madrugada del domingo en una vivienda de Mitre y calle 4, barrio Las Tablitas de Z\u00e1rate.<\/p>\n\n\n\n<p>Todo inici\u00f3 cuando una madre fue a visitar a su peque\u00f1a hija de dos a\u00f1os a la casa de su ex pareja. El hombre con el que actualmente mantiene una relaci\u00f3n se hizo presente de manera imprevista en el domicilio y comenz\u00f3 una violenta confrontaci\u00f3n.<\/p>\n\n\n\n<p>Seg\u00fan consta en la investigaci\u00f3n llevada a cabo por el Instructor Judicial Fabi\u00e1n Ram\u00edrez de la UFI N\u00b0 7, luego violentar la puerta de ingreso y de propinar culatazos, el agresor apunt\u00f3 a la cabeza del beb\u00e9 y efectu\u00f3 un disparo tras forcejear con la ex pareja de la mujer. La menor recibi\u00f3 un impacto en su brazo derecho con orificio de entrada y de salida.<\/p>\n\n\n\n<p>Un vecino que se asust\u00f3 por la situaci\u00f3n sali\u00f3 a la calle y dio aviso a un m\u00f3vil de Prefectura Naval que justo pasaba por la zona. Los efectivos redujeron al atacante y secuestraron el arma de fuego.<\/p>\n\n\n\n<p>Ya aprehendido, se le inici\u00f3 una causa por \u00abhomicidio agravado por el uso de arma de fuego en grado de tentativa\u00bb. En el lugar se hizo un relevamiento pericial en donde se levantaron rastros hem\u00e1ticos y bal\u00edsticos; el arma de fuego ten\u00eda la numeraci\u00f3n limada y pose\u00eda un logo perteneciente a la Polic\u00eda Federal.<\/p>\n\n\n\n<p>Fuente: <a href=\"https:\/\/www.enlacecritico.com\/destacados\/apunto-con-una-pistola-a-la-cabeza-de-una-bebe-la-hirio-en-el-brazo-y-lo-detuvieron-los-detalles-del-aberrante-hecho\/\">Enlace Critico<\/a><\/p>\n","protected":false},"excerpt":{"rendered":"<p>Un grave hecho de sangre ocurri\u00f3 esta madrugada del domingo en una vivienda de Mitre y calle 4, barrio Las Tablitas de Z\u00e1rate. Todo inici\u00f3 cuando una madre fue a visitar a su peque\u00f1a hija de dos a\u00f1os a la casa de su ex pareja. El hombre con el que actualmente mantiene una relaci\u00f3n se [&hellip;]<\/p>\n","protected":false},"author":4,"featured_media":90368,"comment_status":"open","ping_status":"closed","sticky":false,"template":"","format":"standard","meta":{"om_disable_all_campaigns":false,"_jetpack_memberships_contains_paid_content":false,"footnotes":""},"categories":[621],"tags":[],"class_list":["post-90367","post","type-post","status-publish","format-standard","has-post-thumbnail","hentry","category-regionales"],"aioseo_notices":[],"gutentor_comment":0,"jetpack_featured_media_url":"https:\/\/eldiariodesanpedro.com.ar\/sitio\/wp-content\/uploads\/2021\/04\/Detenido-1.jpg","jetpack_shortlink":"https:\/\/wp.me\/p6RhLt-nvx","jetpack_sharing_enabled":true,"_links":{"self":[{"href":"https:\/\/eldiariodesanpedro.com.ar\/sitio\/wp-json\/wp\/v2\/posts\/90367","targetHints":{"allow":["GET"]}}],"collection":[{"href":"https:\/\/eldiariodesanpedro.com.ar\/sitio\/wp-json\/wp\/v2\/posts"}],"about":[{"href":"https:\/\/eldiariodesanpedro.com.ar\/sitio\/wp-json\/wp\/v2\/types\/post"}],"author":[{"embeddable":true,"href":"https:\/\/eldiariodesanpedro.com.ar\/sitio\/wp-json\/wp\/v2\/users\/4"}],"replies":[{"embeddable":true,"href":"https:\/\/eldiariodesanpedro.com.ar\/sitio\/wp-json\/wp\/v2\/comments?post=90367"}],"version-history":[{"count":1,"href":"https:\/\/eldiariodesanpedro.com.ar\/sitio\/wp-json\/wp\/v2\/posts\/90367\/revisions"}],"predecessor-version":[{"id":90369,"href":"https:\/\/eldiariodesanpedro.com.ar\/sitio\/wp-json\/wp\/v2\/posts\/90367\/revisions\/90369"}],"wp:featuredmedia":[{"embeddable":true,"href":"https:\/\/eldiariodesanpedro.com.ar\/sitio\/wp-json\/wp\/v2\/media\/90368"}],"wp:attachment":[{"href":"https:\/\/eldiariodesanpedro.com.ar\/sitio\/wp-json\/wp\/v2\/media?parent=90367"}],"wp:term":[{"taxonomy":"category","embeddable":true,"href":"https:\/\/eldiariodesanpedro.com.ar\/sitio\/wp-json\/wp\/v2\/categories?post=90367"},{"taxonomy":"post_tag","embeddable":true,"href":"https:\/\/eldiariodesanpedro.com.ar\/sitio\/wp-json\/wp\/v2\/tags?post=90367"}],"curies":[{"name":"wp","href":"https:\/\/api.w.org\/{rel}","templated":true}]}}