{"id":90356,"date":"2021-04-05T11:53:02","date_gmt":"2021-04-05T14:53:02","guid":{"rendered":"https:\/\/eldiariodesanpedro.com.ar\/sitio\/?p=90356"},"modified":"2021-04-05T11:53:05","modified_gmt":"2021-04-05T14:53:05","slug":"marta-alonso-presento-su-renuncia-a-la-jefatura-distrital-de-educacion","status":"publish","type":"post","link":"https:\/\/eldiariodesanpedro.com.ar\/sitio\/marta-alonso-presento-su-renuncia-a-la-jefatura-distrital-de-educacion\/","title":{"rendered":"Marta Alonso present\u00f3 su renuncia a la Jefatura Distrital de Educaci\u00f3n"},"content":{"rendered":"<!-- VideographyWP Plugin Message: Automatic video embedding prevented by plugin options. -->\n\n<p>As\u00ed lo hizo saber en una nota dirigida a la comunidad educativa este fin de semana, donde presento su renuncia que seg\u00fan ella lo dijo ya era una decisi\u00f3n que la hab\u00eda tomado hace muchos meses atr\u00e1s .\u00a0<\/p>\n\n\n\n<p>Dejamos parte de la carta presentada para su renuncia: <\/p>\n\n\n\n<p>\u00abEn este tiempo especial de reflexi\u00f3n, de recogimiento, de encuentro;\u00a0 quiero llegar a Uds para compartir una noticia largamente pensada, anunciada, anticipada y finalmente concretada. El 30 de marzo renunci\u00e9 a la Jefatura Distrital con la firme convicci\u00f3n que estos tiempos in\u00e9ditos, dif\u00edciles y complejos que nos tocan vivir exigen de presencialidad\u00bb plante\u00f3 la docente.\u00a0\u00a0<\/p>\n\n\n\n<p>\u00abEste fue, entre otros,&nbsp; el motivo que me llevo a tomar la decisi\u00f3n m\u00e1s all\u00e1 de que trate por todos los medios de estar a la altura de las circuntancias\u00bb sostuvo, en relaci\u00f3n a las causas de su decisi\u00f3n.&nbsp; De todos modos, anticip\u00f3 que seguir\u00e1 \u00abunida a mi pasi\u00f3n por la Educaci\u00f3n porque siempre lo pens\u00e9 y lo sostengo es un verdadero servicio al hombre\u00bb.<\/p>\n\n\n\n<p>Para finalizar \u00aba todos, a todas por el compromiso y el esfuerzo cotidiano.para que la escuela tenga presencia\u00bb.<\/p>\n","protected":false},"excerpt":{"rendered":"<p>As\u00ed lo hizo saber en una nota dirigida a la comunidad educativa este fin de semana, donde presento su renuncia que seg\u00fan ella lo dijo ya era una decisi\u00f3n que la hab\u00eda tomado hace muchos meses atr\u00e1s .\u00a0 Dejamos parte de la carta presentada para su renuncia: \u00abEn este tiempo especial de reflexi\u00f3n, de recogimiento, [&hellip;]<\/p>\n","protected":false},"author":4,"featured_media":90357,"comment_status":"open","ping_status":"closed","sticky":false,"template":"","format":"standard","meta":{"om_disable_all_campaigns":false,"_jetpack_memberships_contains_paid_content":false,"footnotes":""},"categories":[50,101,2],"tags":[],"class_list":["post-90356","post","type-post","status-publish","format-standard","has-post-thumbnail","hentry","category-destacadas","category-interes-general-locales","category-locales"],"aioseo_notices":[],"gutentor_comment":0,"jetpack_featured_media_url":"https:\/\/eldiariodesanpedro.com.ar\/sitio\/wp-content\/uploads\/2021\/04\/maxresdefault.jpg","jetpack_shortlink":"https:\/\/wp.me\/p6RhLt-nvm","jetpack_sharing_enabled":true,"_links":{"self":[{"href":"https:\/\/eldiariodesanpedro.com.ar\/sitio\/wp-json\/wp\/v2\/posts\/90356","targetHints":{"allow":["GET"]}}],"collection":[{"href":"https:\/\/eldiariodesanpedro.com.ar\/sitio\/wp-json\/wp\/v2\/posts"}],"about":[{"href":"https:\/\/eldiariodesanpedro.com.ar\/sitio\/wp-json\/wp\/v2\/types\/post"}],"author":[{"embeddable":true,"href":"https:\/\/eldiariodesanpedro.com.ar\/sitio\/wp-json\/wp\/v2\/users\/4"}],"replies":[{"embeddable":true,"href":"https:\/\/eldiariodesanpedro.com.ar\/sitio\/wp-json\/wp\/v2\/comments?post=90356"}],"version-history":[{"count":1,"href":"https:\/\/eldiariodesanpedro.com.ar\/sitio\/wp-json\/wp\/v2\/posts\/90356\/revisions"}],"predecessor-version":[{"id":90358,"href":"https:\/\/eldiariodesanpedro.com.ar\/sitio\/wp-json\/wp\/v2\/posts\/90356\/revisions\/90358"}],"wp:featuredmedia":[{"embeddable":true,"href":"https:\/\/eldiariodesanpedro.com.ar\/sitio\/wp-json\/wp\/v2\/media\/90357"}],"wp:attachment":[{"href":"https:\/\/eldiariodesanpedro.com.ar\/sitio\/wp-json\/wp\/v2\/media?parent=90356"}],"wp:term":[{"taxonomy":"category","embeddable":true,"href":"https:\/\/eldiariodesanpedro.com.ar\/sitio\/wp-json\/wp\/v2\/categories?post=90356"},{"taxonomy":"post_tag","embeddable":true,"href":"https:\/\/eldiariodesanpedro.com.ar\/sitio\/wp-json\/wp\/v2\/tags?post=90356"}],"curies":[{"name":"wp","href":"https:\/\/api.w.org\/{rel}","templated":true}]}}