{"id":90354,"date":"2021-04-05T11:45:13","date_gmt":"2021-04-05T14:45:13","guid":{"rendered":"https:\/\/eldiariodesanpedro.com.ar\/sitio\/?p=90354"},"modified":"2021-04-05T11:45:17","modified_gmt":"2021-04-05T14:45:17","slug":"dos-jovenes-aprehendidos-por-abuso-de-armas","status":"publish","type":"post","link":"https:\/\/eldiariodesanpedro.com.ar\/sitio\/dos-jovenes-aprehendidos-por-abuso-de-armas\/","title":{"rendered":"Dos j\u00f3venes aprehendidos por abuso de armas"},"content":{"rendered":"<!-- VideographyWP Plugin Message: Automatic video embedding prevented by plugin options. -->\n\n<p>El personal policial el s\u00e1bado en la noche, se hace presente en calle Belgrano al 800, donde se procede a la aprehensi\u00f3n de ciudadano de 21 a\u00f1os de edad y otro de 25 a\u00f1os quienes momentos previos habr\u00edan efectuado disparos de arma de fuego hacia un domicilio particular.&nbsp;<\/p>\n\n\n\n<p>Al momento de la aprehensi\u00f3n no se encontraban armados. Investiga la justicia local<\/p>\n","protected":false},"excerpt":{"rendered":"<p>El personal policial el s\u00e1bado en la noche, se hace presente en calle Belgrano al 800, donde se procede a la aprehensi\u00f3n de ciudadano de 21 a\u00f1os de edad y otro de 25 a\u00f1os quienes momentos previos habr\u00edan efectuado disparos de arma de fuego hacia un domicilio particular.&nbsp; Al momento de la aprehensi\u00f3n no se [&hellip;]<\/p>\n","protected":false},"author":4,"featured_media":67079,"comment_status":"open","ping_status":"closed","sticky":false,"template":"","format":"standard","meta":{"om_disable_all_campaigns":false,"_jetpack_memberships_contains_paid_content":false,"footnotes":""},"categories":[2,103],"tags":[],"class_list":["post-90354","post","type-post","status-publish","format-standard","has-post-thumbnail","hentry","category-locales","category-policiales-locales"],"aioseo_notices":[],"gutentor_comment":0,"jetpack_featured_media_url":"https:\/\/eldiariodesanpedro.com.ar\/sitio\/wp-content\/uploads\/2020\/01\/menor-detenido3.jpg","jetpack_shortlink":"https:\/\/wp.me\/p6RhLt-nvk","jetpack_sharing_enabled":true,"_links":{"self":[{"href":"https:\/\/eldiariodesanpedro.com.ar\/sitio\/wp-json\/wp\/v2\/posts\/90354","targetHints":{"allow":["GET"]}}],"collection":[{"href":"https:\/\/eldiariodesanpedro.com.ar\/sitio\/wp-json\/wp\/v2\/posts"}],"about":[{"href":"https:\/\/eldiariodesanpedro.com.ar\/sitio\/wp-json\/wp\/v2\/types\/post"}],"author":[{"embeddable":true,"href":"https:\/\/eldiariodesanpedro.com.ar\/sitio\/wp-json\/wp\/v2\/users\/4"}],"replies":[{"embeddable":true,"href":"https:\/\/eldiariodesanpedro.com.ar\/sitio\/wp-json\/wp\/v2\/comments?post=90354"}],"version-history":[{"count":1,"href":"https:\/\/eldiariodesanpedro.com.ar\/sitio\/wp-json\/wp\/v2\/posts\/90354\/revisions"}],"predecessor-version":[{"id":90355,"href":"https:\/\/eldiariodesanpedro.com.ar\/sitio\/wp-json\/wp\/v2\/posts\/90354\/revisions\/90355"}],"wp:featuredmedia":[{"embeddable":true,"href":"https:\/\/eldiariodesanpedro.com.ar\/sitio\/wp-json\/wp\/v2\/media\/67079"}],"wp:attachment":[{"href":"https:\/\/eldiariodesanpedro.com.ar\/sitio\/wp-json\/wp\/v2\/media?parent=90354"}],"wp:term":[{"taxonomy":"category","embeddable":true,"href":"https:\/\/eldiariodesanpedro.com.ar\/sitio\/wp-json\/wp\/v2\/categories?post=90354"},{"taxonomy":"post_tag","embeddable":true,"href":"https:\/\/eldiariodesanpedro.com.ar\/sitio\/wp-json\/wp\/v2\/tags?post=90354"}],"curies":[{"name":"wp","href":"https:\/\/api.w.org\/{rel}","templated":true}]}}