{"id":90350,"date":"2021-04-05T11:41:40","date_gmt":"2021-04-05T14:41:40","guid":{"rendered":"https:\/\/eldiariodesanpedro.com.ar\/sitio\/?p=90350"},"modified":"2021-04-05T11:41:45","modified_gmt":"2021-04-05T14:41:45","slug":"robaron-motos-en-baradero-y-las-recuperaron-en-rio-tala","status":"publish","type":"post","link":"https:\/\/eldiariodesanpedro.com.ar\/sitio\/robaron-motos-en-baradero-y-las-recuperaron-en-rio-tala\/","title":{"rendered":"Robaron motos en Baradero y las recuperaron en R\u00edo Tala"},"content":{"rendered":"<!-- VideographyWP Plugin Message: Automatic video embedding prevented by plugin options. -->\n\n<p>Fue hallada en R\u00edo Tala la moto Honda Biz color negra que le hab\u00edan robado a una mujer en Oro y Saenz, luego de una persecuci\u00f3n de la Polic\u00eda a tres malvivientes que fueron divisados salir de Baradero por Ruta 9.<\/p>\n\n\n\n<p>La polic\u00eda realiz\u00f3 un operativo cerrojo en Ruta 41 y por la zona del Cementerio Parque.<\/p>\n\n\n\n<p>Testigos&nbsp; aseguraron a la Polic\u00eda que vieron pasar tres chicos por la ruta en motos.<\/p>\n\n\n\n<p>Conjuntamente con efectivos del Destacamento R\u00edo Tala y personal del CPR San Pedro, en el cruce de la denominada Ruta 1001 y ex Ruta 9, la Polic\u00eda divis\u00f3 a las tres motocicletas y se las intent\u00f3 detener.<\/p>\n\n\n\n<p>Se inicia una breve persecuci\u00f3n viendo que en el Km 10 de la ruta 1001 se detiene unos de los malvivientes quien tras abandonar la motocicleta se da a la fuga por los campos.<\/p>\n\n\n\n<p>En el lugar se secuestra la motocicleta Honda Biz que hab\u00eda sido denunciada como sustra\u00edda horas antes de Oro y Saenz.<\/p>\n\n\n\n<p>La Polic\u00eda contin\u00faa la persecuci\u00f3n de las otras dos motos y logran detener en Ruta 1001 a un joven de 18 a\u00f1os oriundo de San Pedro que circulaba en otra moto Honda Biz.<\/p>\n\n\n\n<p>Mientras que otro m\u00f3vil intercepta en Obligado y Jose Hernandez a otro joven de 17 a\u00f1os, tambi\u00e9n oriundo de la localidad de San Pedro, y le secuestran una motocicleta marca Mondial.<\/p>\n\n\n\n<p>Se le dio intervenci\u00f3n a la UFI del Joven de San Nicol\u00e1s. Los veh\u00edculos se encuentran secuestrados en el Destacamento R\u00edo Tala.<\/p>\n\n\n\n<p>Fuente: Fm Tiempo<\/p>\n\n\n\n<figure class=\"wp-block-image size-large\"><img decoding=\"async\" width=\"960\" height=\"960\" data-attachment-id=\"90352\" data-permalink=\"https:\/\/eldiariodesanpedro.com.ar\/sitio\/robaron-motos-en-baradero-y-las-recuperaron-en-rio-tala\/169287019_1672104526310877_5988692446404073329_n-1\/\" data-orig-file=\"https:\/\/eldiariodesanpedro.com.ar\/sitio\/wp-content\/uploads\/2021\/04\/169287019_1672104526310877_5988692446404073329_n-1.jpg\" data-orig-size=\"960,960\" data-comments-opened=\"1\" data-image-meta=\"{&quot;aperture&quot;:&quot;0&quot;,&quot;credit&quot;:&quot;&quot;,&quot;camera&quot;:&quot;&quot;,&quot;caption&quot;:&quot;&quot;,&quot;created_timestamp&quot;:&quot;0&quot;,&quot;copyright&quot;:&quot;&quot;,&quot;focal_length&quot;:&quot;0&quot;,&quot;iso&quot;:&quot;0&quot;,&quot;shutter_speed&quot;:&quot;0&quot;,&quot;title&quot;:&quot;&quot;,&quot;orientation&quot;:&quot;0&quot;}\" data-image-title=\"169287019_1672104526310877_5988692446404073329_n (1)\" data-image-description=\"\" data-image-caption=\"\" data-large-file=\"https:\/\/eldiariodesanpedro.com.ar\/sitio\/wp-content\/uploads\/2021\/04\/169287019_1672104526310877_5988692446404073329_n-1.jpg\" data-src=\"https:\/\/eldiariodesanpedro.com.ar\/sitio\/wp-content\/uploads\/2021\/04\/169287019_1672104526310877_5988692446404073329_n-1.jpg\" alt=\"\" class=\"wp-image-90352 lazyload\" data-srcset=\"https:\/\/eldiariodesanpedro.com.ar\/sitio\/wp-content\/uploads\/2021\/04\/169287019_1672104526310877_5988692446404073329_n-1.jpg 960w, https:\/\/eldiariodesanpedro.com.ar\/sitio\/wp-content\/uploads\/2021\/04\/169287019_1672104526310877_5988692446404073329_n-1-300x300.jpg 300w, https:\/\/eldiariodesanpedro.com.ar\/sitio\/wp-content\/uploads\/2021\/04\/169287019_1672104526310877_5988692446404073329_n-1-150x150.jpg 150w, https:\/\/eldiariodesanpedro.com.ar\/sitio\/wp-content\/uploads\/2021\/04\/169287019_1672104526310877_5988692446404073329_n-1-768x768.jpg 768w\" data-sizes=\"(max-width: 960px) 100vw, 960px\" src=\"data:image\/svg+xml;base64,PHN2ZyB3aWR0aD0iMSIgaGVpZ2h0PSIxIiB4bWxucz0iaHR0cDovL3d3dy53My5vcmcvMjAwMC9zdmciPjwvc3ZnPg==\" style=\"--smush-placeholder-width: 960px; --smush-placeholder-aspect-ratio: 960\/960;\" \/><\/figure>\n","protected":false},"excerpt":{"rendered":"<p>Fue hallada en R\u00edo Tala la moto Honda Biz color negra que le hab\u00edan robado a una mujer en Oro y Saenz, luego de una persecuci\u00f3n de la Polic\u00eda a tres malvivientes que fueron divisados salir de Baradero por Ruta 9. La polic\u00eda realiz\u00f3 un operativo cerrojo en Ruta 41 y por la zona del [&hellip;]<\/p>\n","protected":false},"author":4,"featured_media":90351,"comment_status":"open","ping_status":"closed","sticky":false,"template":"","format":"standard","meta":{"om_disable_all_campaigns":false,"_jetpack_memberships_contains_paid_content":false,"footnotes":""},"categories":[2],"tags":[],"class_list":["post-90350","post","type-post","status-publish","format-standard","has-post-thumbnail","hentry","category-locales"],"aioseo_notices":[],"gutentor_comment":0,"jetpack_featured_media_url":"https:\/\/eldiariodesanpedro.com.ar\/sitio\/wp-content\/uploads\/2021\/04\/169235388_1672104566310873_1294303839081329399_n.jpg","jetpack_shortlink":"https:\/\/wp.me\/p6RhLt-nvg","jetpack_sharing_enabled":true,"_links":{"self":[{"href":"https:\/\/eldiariodesanpedro.com.ar\/sitio\/wp-json\/wp\/v2\/posts\/90350","targetHints":{"allow":["GET"]}}],"collection":[{"href":"https:\/\/eldiariodesanpedro.com.ar\/sitio\/wp-json\/wp\/v2\/posts"}],"about":[{"href":"https:\/\/eldiariodesanpedro.com.ar\/sitio\/wp-json\/wp\/v2\/types\/post"}],"author":[{"embeddable":true,"href":"https:\/\/eldiariodesanpedro.com.ar\/sitio\/wp-json\/wp\/v2\/users\/4"}],"replies":[{"embeddable":true,"href":"https:\/\/eldiariodesanpedro.com.ar\/sitio\/wp-json\/wp\/v2\/comments?post=90350"}],"version-history":[{"count":1,"href":"https:\/\/eldiariodesanpedro.com.ar\/sitio\/wp-json\/wp\/v2\/posts\/90350\/revisions"}],"predecessor-version":[{"id":90353,"href":"https:\/\/eldiariodesanpedro.com.ar\/sitio\/wp-json\/wp\/v2\/posts\/90350\/revisions\/90353"}],"wp:featuredmedia":[{"embeddable":true,"href":"https:\/\/eldiariodesanpedro.com.ar\/sitio\/wp-json\/wp\/v2\/media\/90351"}],"wp:attachment":[{"href":"https:\/\/eldiariodesanpedro.com.ar\/sitio\/wp-json\/wp\/v2\/media?parent=90350"}],"wp:term":[{"taxonomy":"category","embeddable":true,"href":"https:\/\/eldiariodesanpedro.com.ar\/sitio\/wp-json\/wp\/v2\/categories?post=90350"},{"taxonomy":"post_tag","embeddable":true,"href":"https:\/\/eldiariodesanpedro.com.ar\/sitio\/wp-json\/wp\/v2\/tags?post=90350"}],"curies":[{"name":"wp","href":"https:\/\/api.w.org\/{rel}","templated":true}]}}