{"id":90348,"date":"2021-04-05T11:26:20","date_gmt":"2021-04-05T14:26:20","guid":{"rendered":"https:\/\/eldiariodesanpedro.com.ar\/sitio\/?p=90348"},"modified":"2021-04-05T11:26:24","modified_gmt":"2021-04-05T14:26:24","slug":"dos-menores-aprehendidos-infraganti-cuando-robaban-batatas-2","status":"publish","type":"post","link":"https:\/\/eldiariodesanpedro.com.ar\/sitio\/dos-menores-aprehendidos-infraganti-cuando-robaban-batatas-2\/","title":{"rendered":"Dos menores aprehendidos infraganti cuando robaban batatas"},"content":{"rendered":"<!-- VideographyWP Plugin Message: Automatic video embedding prevented by plugin options. -->\n\n<p>Este s\u00e1bado la polic\u00eda de nuestra ciudad realiz\u00f3 la aprehensi\u00f3n de dos menores que se encontraban dentro de una finca y hab\u00edan robado una bolsa de batatas.<\/p>\n\n\n\n<p>Este s\u00e1bado en horas de la tarde alertados por un llamado al 911 los efectivos policiales se hicieron presentes en calle Zanuccoli y Molina Bis, donde lograron aprehender infraganti a dos menores de 14 y 17 a\u00f1os en el interior de una propiedad privada a quienes se les secuestr\u00f3 en su poder una bolsa de batatas de aproximadamente 100 kilogramos.<\/p>\n\n\n\n<p>Los j\u00f3venes fueron trasladados a la comisar\u00eda local donde tras realizar la imputaci\u00f3n correspondiente fueron entregados a su progenitores.&nbsp;<\/p>\n","protected":false},"excerpt":{"rendered":"<p>Este s\u00e1bado la polic\u00eda de nuestra ciudad realiz\u00f3 la aprehensi\u00f3n de dos menores que se encontraban dentro de una finca y hab\u00edan robado una bolsa de batatas. Este s\u00e1bado en horas de la tarde alertados por un llamado al 911 los efectivos policiales se hicieron presentes en calle Zanuccoli y Molina Bis, donde lograron aprehender [&hellip;]<\/p>\n","protected":false},"author":4,"featured_media":90346,"comment_status":"open","ping_status":"closed","sticky":false,"template":"","format":"standard","meta":{"om_disable_all_campaigns":false,"_jetpack_memberships_contains_paid_content":false,"footnotes":""},"categories":[2,103],"tags":[],"class_list":["post-90348","post","type-post","status-publish","format-standard","has-post-thumbnail","hentry","category-locales","category-policiales-locales"],"aioseo_notices":[],"gutentor_comment":0,"jetpack_featured_media_url":"https:\/\/eldiariodesanpedro.com.ar\/sitio\/wp-content\/uploads\/2021\/04\/WhatsApp-Image-2021-04-05-at-10.30.50-2.jpeg","jetpack_shortlink":"https:\/\/wp.me\/p6RhLt-nve","jetpack_sharing_enabled":true,"_links":{"self":[{"href":"https:\/\/eldiariodesanpedro.com.ar\/sitio\/wp-json\/wp\/v2\/posts\/90348","targetHints":{"allow":["GET"]}}],"collection":[{"href":"https:\/\/eldiariodesanpedro.com.ar\/sitio\/wp-json\/wp\/v2\/posts"}],"about":[{"href":"https:\/\/eldiariodesanpedro.com.ar\/sitio\/wp-json\/wp\/v2\/types\/post"}],"author":[{"embeddable":true,"href":"https:\/\/eldiariodesanpedro.com.ar\/sitio\/wp-json\/wp\/v2\/users\/4"}],"replies":[{"embeddable":true,"href":"https:\/\/eldiariodesanpedro.com.ar\/sitio\/wp-json\/wp\/v2\/comments?post=90348"}],"version-history":[{"count":1,"href":"https:\/\/eldiariodesanpedro.com.ar\/sitio\/wp-json\/wp\/v2\/posts\/90348\/revisions"}],"predecessor-version":[{"id":90349,"href":"https:\/\/eldiariodesanpedro.com.ar\/sitio\/wp-json\/wp\/v2\/posts\/90348\/revisions\/90349"}],"wp:featuredmedia":[{"embeddable":true,"href":"https:\/\/eldiariodesanpedro.com.ar\/sitio\/wp-json\/wp\/v2\/media\/90346"}],"wp:attachment":[{"href":"https:\/\/eldiariodesanpedro.com.ar\/sitio\/wp-json\/wp\/v2\/media?parent=90348"}],"wp:term":[{"taxonomy":"category","embeddable":true,"href":"https:\/\/eldiariodesanpedro.com.ar\/sitio\/wp-json\/wp\/v2\/categories?post=90348"},{"taxonomy":"post_tag","embeddable":true,"href":"https:\/\/eldiariodesanpedro.com.ar\/sitio\/wp-json\/wp\/v2\/tags?post=90348"}],"curies":[{"name":"wp","href":"https:\/\/api.w.org\/{rel}","templated":true}]}}