{"id":90342,"date":"2021-04-05T11:16:11","date_gmt":"2021-04-05T14:16:11","guid":{"rendered":"https:\/\/eldiariodesanpedro.com.ar\/sitio\/?p=90342"},"modified":"2021-04-05T11:16:17","modified_gmt":"2021-04-05T14:16:17","slug":"cinco-personas-heridas-al-volcar-con-su-vehiculo-en-la-ruta-9","status":"publish","type":"post","link":"https:\/\/eldiariodesanpedro.com.ar\/sitio\/cinco-personas-heridas-al-volcar-con-su-vehiculo-en-la-ruta-9\/","title":{"rendered":"Cinco personas heridas al volcar con su veh\u00edculo en la Ruta 9"},"content":{"rendered":"<!-- VideographyWP Plugin Message: Automatic video embedding prevented by plugin options. -->\n\n<p>Un utilitario volc\u00f3 sobre el kil\u00f3metro 160 del carril Rosario- Buenos Aires. Tres de sus ocupantes debieron ser hospitalizados.<\/p>\n\n\n\n<p>Un violento siniestro vial se origin\u00f3 en la tarde del domingo sobre el kil\u00f3metro 160 de la Ruta 9 carril Rosario- Buenos Aires. En ese lugar y por cuestiones que se desconocen&nbsp;volc\u00f3 un utilitario Peugeot Patagonia gris en el que viajaban cinco personas, dos mujeres y tres varones de entre 35 y 58 a\u00f1os.<\/p>\n\n\n\n<p>Una unidad del cuerpo de Bomberos Voluntarios, a cargo del Comandante Mayor Silvio Torrens, intervino en el hecho y rescat\u00f3 a las personas que hab\u00edan quedado atrapadas.<\/p>\n\n\n\n<p>Tres de los ocupantes fueron trasladados a la guardia del Hospital \u00abEmilio Ruffa\u00bb en donde recibieron las primeras curaciones. Todos regresaban de la provincia de C\u00f3rdoba adonde hab\u00edan pasado el fin de semana largo, y se dirig\u00edan a la localidad de\u00a0San Mart\u00edn de donde son oriundos.\u00a0<\/p>\n\n\n\n<p>Fuente: <a href=\"https:\/\/www.sanpedroinforma.com.ar\/nota\/124113\/interes-general\/cinco-personas-heridas-al-volcar-con-su-vehiculo-en-la-ruta-9.html\">San Pedro Informa<\/a><\/p>\n","protected":false},"excerpt":{"rendered":"<p>Un utilitario volc\u00f3 sobre el kil\u00f3metro 160 del carril Rosario- Buenos Aires. Tres de sus ocupantes debieron ser hospitalizados. Un violento siniestro vial se origin\u00f3 en la tarde del domingo sobre el kil\u00f3metro 160 de la Ruta 9 carril Rosario- Buenos Aires. En ese lugar y por cuestiones que se desconocen&nbsp;volc\u00f3 un utilitario Peugeot Patagonia [&hellip;]<\/p>\n","protected":false},"author":4,"featured_media":90343,"comment_status":"open","ping_status":"closed","sticky":false,"template":"","format":"standard","meta":{"om_disable_all_campaigns":false,"_jetpack_memberships_contains_paid_content":false,"footnotes":""},"categories":[2,103],"tags":[],"class_list":["post-90342","post","type-post","status-publish","format-standard","has-post-thumbnail","hentry","category-locales","category-policiales-locales"],"aioseo_notices":[],"gutentor_comment":0,"jetpack_featured_media_url":"https:\/\/eldiariodesanpedro.com.ar\/sitio\/wp-content\/uploads\/2021\/04\/000090833.jpg","jetpack_shortlink":"https:\/\/wp.me\/p6RhLt-nv8","jetpack_sharing_enabled":true,"_links":{"self":[{"href":"https:\/\/eldiariodesanpedro.com.ar\/sitio\/wp-json\/wp\/v2\/posts\/90342","targetHints":{"allow":["GET"]}}],"collection":[{"href":"https:\/\/eldiariodesanpedro.com.ar\/sitio\/wp-json\/wp\/v2\/posts"}],"about":[{"href":"https:\/\/eldiariodesanpedro.com.ar\/sitio\/wp-json\/wp\/v2\/types\/post"}],"author":[{"embeddable":true,"href":"https:\/\/eldiariodesanpedro.com.ar\/sitio\/wp-json\/wp\/v2\/users\/4"}],"replies":[{"embeddable":true,"href":"https:\/\/eldiariodesanpedro.com.ar\/sitio\/wp-json\/wp\/v2\/comments?post=90342"}],"version-history":[{"count":1,"href":"https:\/\/eldiariodesanpedro.com.ar\/sitio\/wp-json\/wp\/v2\/posts\/90342\/revisions"}],"predecessor-version":[{"id":90344,"href":"https:\/\/eldiariodesanpedro.com.ar\/sitio\/wp-json\/wp\/v2\/posts\/90342\/revisions\/90344"}],"wp:featuredmedia":[{"embeddable":true,"href":"https:\/\/eldiariodesanpedro.com.ar\/sitio\/wp-json\/wp\/v2\/media\/90343"}],"wp:attachment":[{"href":"https:\/\/eldiariodesanpedro.com.ar\/sitio\/wp-json\/wp\/v2\/media?parent=90342"}],"wp:term":[{"taxonomy":"category","embeddable":true,"href":"https:\/\/eldiariodesanpedro.com.ar\/sitio\/wp-json\/wp\/v2\/categories?post=90342"},{"taxonomy":"post_tag","embeddable":true,"href":"https:\/\/eldiariodesanpedro.com.ar\/sitio\/wp-json\/wp\/v2\/tags?post=90342"}],"curies":[{"name":"wp","href":"https:\/\/api.w.org\/{rel}","templated":true}]}}