{"id":90329,"date":"2021-04-05T10:50:08","date_gmt":"2021-04-05T13:50:08","guid":{"rendered":"https:\/\/eldiariodesanpedro.com.ar\/sitio\/?p=90329"},"modified":"2021-04-05T10:50:12","modified_gmt":"2021-04-05T13:50:12","slug":"un-joven-pelea-por-su-vida-tras-accidente-de-transito-y-piden-cadena-de-oracion","status":"publish","type":"post","link":"https:\/\/eldiariodesanpedro.com.ar\/sitio\/un-joven-pelea-por-su-vida-tras-accidente-de-transito-y-piden-cadena-de-oracion\/","title":{"rendered":"Un joven pelea por su vida tras accidente de transito y piden cadena de oraci\u00f3n"},"content":{"rendered":"<!-- VideographyWP Plugin Message: Automatic video embedding prevented by plugin options. -->\n\n<p>A trav\u00e9s de redes sociales se conoci\u00f3 este domingo un pedido de oraci\u00f3n por Lautaro Ruiz, joven de 18 a\u00f1os de edad que sufri\u00f3 un accidente de transito el pasado domingo en horas de la madrugada, siendo trasladado a un nosocomio de alta complejidad en la localidad de la ciudad de Junin.<\/p>\n\n\n\n<p>El hecho ocurri\u00f3 en horas de la madrugada de este domingo cuando el joven circulaba junto a un amigo en la v\u00eda p\u00fablica con su moto impactando a otra motocicleta en la esquina de Av. 11 de septiembre y D\u00e1vila, por lo que fue trasladado al nosocomio local donde recibi\u00f3 las primeras atenciones y tras determinar la gravedad de las heridas se decidi\u00f3 el trasladado a un centro de mayor complejidad ubicado en la ciudad de Jun\u00edn.<\/p>\n\n\n\n<p>El acompa\u00f1ante no sufri\u00f3 heridas de gravedad y el conductor del otro veh\u00edculo resulto ileso.<\/p>\n\n\n\n<p><em>\u00abEl es Lautaro Ruiz tuvo un accidente est\u00e1 madrugada est\u00e1 mal pedimos un minuto de su tiempo para pedir cadena de oraci\u00f3n. Vamos lau vos podes salir de esta tu familia te espera ten\u00e9s una hija hermosa y unas hermanas de fierro que dar\u00edan todo por vos dale nene peliala por tus Ceres queridos vos podes vos sos fuerte tu familia te espera vamos nen\u00e9 que de esta sal\u00eds VAMOS LAUTY<\/em>\u00ab<\/p>\n\n\n\n<p><a href=\"https:\/\/www.facebook.com\/photo\/?fbid=1809099752581982&amp;set=pcb.1809099809248643&amp;__cft__[0]=AZXu8nKZAg9X1nar7vJaDneiI0Dg4XMKERglC1ElfWNI5CQj3cKLp7LE5JQem5ZvC3rmny7djbyMqrhR9X3YrUKayq236kmepUp5T626_afAJjysTin2s0b-lf9R76vQpWs&amp;__tn__=*bH-R\"><\/a><a href=\"https:\/\/www.facebook.com\/photo\/?fbid=1809099779248646&amp;set=pcb.1809099809248643&amp;__cft__[0]=AZXu8nKZAg9X1nar7vJaDneiI0Dg4XMKERglC1ElfWNI5CQj3cKLp7LE5JQem5ZvC3rmny7djbyMqrhR9X3YrUKayq236kmepUp5T626_afAJjysTin2s0b-lf9R76vQpWs&amp;__tn__=*bH-R\"><\/a><\/p>\n","protected":false},"excerpt":{"rendered":"<p>A trav\u00e9s de redes sociales se conoci\u00f3 este domingo un pedido de oraci\u00f3n por Lautaro Ruiz, joven de 18 a\u00f1os de edad que sufri\u00f3 un accidente de transito el pasado domingo en horas de la madrugada, siendo trasladado a un nosocomio de alta complejidad en la localidad de la ciudad de Junin. El hecho ocurri\u00f3 [&hellip;]<\/p>\n","protected":false},"author":4,"featured_media":90330,"comment_status":"open","ping_status":"closed","sticky":false,"template":"","format":"standard","meta":{"om_disable_all_campaigns":false,"_jetpack_memberships_contains_paid_content":false,"footnotes":""},"categories":[50,101,2],"tags":[],"class_list":["post-90329","post","type-post","status-publish","format-standard","has-post-thumbnail","hentry","category-destacadas","category-interes-general-locales","category-locales"],"aioseo_notices":[],"gutentor_comment":0,"jetpack_featured_media_url":"https:\/\/eldiariodesanpedro.com.ar\/sitio\/wp-content\/uploads\/2021\/04\/166548858_1809099755915315_6666192681964544903_n.jpg","jetpack_shortlink":"https:\/\/wp.me\/p6RhLt-nuV","jetpack_sharing_enabled":true,"_links":{"self":[{"href":"https:\/\/eldiariodesanpedro.com.ar\/sitio\/wp-json\/wp\/v2\/posts\/90329","targetHints":{"allow":["GET"]}}],"collection":[{"href":"https:\/\/eldiariodesanpedro.com.ar\/sitio\/wp-json\/wp\/v2\/posts"}],"about":[{"href":"https:\/\/eldiariodesanpedro.com.ar\/sitio\/wp-json\/wp\/v2\/types\/post"}],"author":[{"embeddable":true,"href":"https:\/\/eldiariodesanpedro.com.ar\/sitio\/wp-json\/wp\/v2\/users\/4"}],"replies":[{"embeddable":true,"href":"https:\/\/eldiariodesanpedro.com.ar\/sitio\/wp-json\/wp\/v2\/comments?post=90329"}],"version-history":[{"count":1,"href":"https:\/\/eldiariodesanpedro.com.ar\/sitio\/wp-json\/wp\/v2\/posts\/90329\/revisions"}],"predecessor-version":[{"id":90331,"href":"https:\/\/eldiariodesanpedro.com.ar\/sitio\/wp-json\/wp\/v2\/posts\/90329\/revisions\/90331"}],"wp:featuredmedia":[{"embeddable":true,"href":"https:\/\/eldiariodesanpedro.com.ar\/sitio\/wp-json\/wp\/v2\/media\/90330"}],"wp:attachment":[{"href":"https:\/\/eldiariodesanpedro.com.ar\/sitio\/wp-json\/wp\/v2\/media?parent=90329"}],"wp:term":[{"taxonomy":"category","embeddable":true,"href":"https:\/\/eldiariodesanpedro.com.ar\/sitio\/wp-json\/wp\/v2\/categories?post=90329"},{"taxonomy":"post_tag","embeddable":true,"href":"https:\/\/eldiariodesanpedro.com.ar\/sitio\/wp-json\/wp\/v2\/tags?post=90329"}],"curies":[{"name":"wp","href":"https:\/\/api.w.org\/{rel}","templated":true}]}}