{"id":90278,"date":"2021-04-04T21:21:30","date_gmt":"2021-04-05T00:21:30","guid":{"rendered":"https:\/\/eldiariodesanpedro.com.ar\/sitio\/?p=90278"},"modified":"2021-04-04T21:21:34","modified_gmt":"2021-04-05T00:21:34","slug":"manana-arriban-nuevas-vacunas-a-san-pedro-despues-de-varias-semanas","status":"publish","type":"post","link":"https:\/\/eldiariodesanpedro.com.ar\/sitio\/manana-arriban-nuevas-vacunas-a-san-pedro-despues-de-varias-semanas\/","title":{"rendered":"Ma\u00f1ana arriban nuevas vacunas a San Pedro despu\u00e9s de varias semanas"},"content":{"rendered":"<!-- VideographyWP Plugin Message: Automatic video embedding prevented by plugin options. -->\n\n<p>La Municipalidad de San Pedro informa que desde el Ministerio de Seguridad de la Provincia de Buenos Aires se ha solicitado a la Jefatura Comunal de San Pedro, a la trav\u00e9s de una orden de servicio de pr\u00e1ctica, la presencia de personal policial para acompa\u00f1ar este lunes 5 de abril a un transporte que trasladar\u00e1 a nuestra ciudad un nuevo lote de vacunas, para la reanudaci\u00f3n del plan de vacunaci\u00f3n de Covid-19 asignado a nuestro distrito.<\/p>\n\n\n\n<p>El m\u00f3vil policial deber\u00e1 estar ma\u00f1ana a primera hora en el dep\u00f3sito general del Correo Argentino en Tortuguitas para luego trasladar dosis hasta el Hospital Emilio Ruffa y al Vacunatorio del Club Jubilados.<\/p>\n\n\n\n<p>No se han especificado hasta el momento mayores detalles sobre la cantidad de dosis ni el tipo de vacuna que ser\u00e1n enviadas, sin embargo en las \u00faltimas horas se han comenzado a informar turnos otorgados a trav\u00e9s del sistema del Plan Vacunate.<\/p>\n\n\n\n<p>Se recuerda que la inscripci\u00f3n es IMPRESCINDIBLE para poder ser incluido en el diagrama del Ministerio de Salud y que se puede realizar a trav\u00e9s del sitio web https:\/\/vacunatepba.gba.gob.ar\/ o solicitando asistencia en el Punto de Informaci\u00f3n y Vacunaci\u00f3n en el Club de Jubilados (Salta y 9 de Julio) de lunes a domingos de 8 a 20.<\/p>\n","protected":false},"excerpt":{"rendered":"<p>La Municipalidad de San Pedro informa que desde el Ministerio de Seguridad de la Provincia de Buenos Aires se ha solicitado a la Jefatura Comunal de San Pedro, a la trav\u00e9s de una orden de servicio de pr\u00e1ctica, la presencia de personal policial para acompa\u00f1ar este lunes 5 de abril a un transporte que trasladar\u00e1 [&hellip;]<\/p>\n","protected":false},"author":4,"featured_media":87950,"comment_status":"open","ping_status":"closed","sticky":false,"template":"","format":"standard","meta":{"om_disable_all_campaigns":false,"_jetpack_memberships_contains_paid_content":false,"footnotes":""},"categories":[50,101,2],"tags":[],"class_list":["post-90278","post","type-post","status-publish","format-standard","has-post-thumbnail","hentry","category-destacadas","category-interes-general-locales","category-locales"],"aioseo_notices":[],"gutentor_comment":0,"jetpack_featured_media_url":"https:\/\/eldiariodesanpedro.com.ar\/sitio\/wp-content\/uploads\/2021\/02\/WhatsApp-Image-2021-02-21-at-11.14.38.jpeg","jetpack_shortlink":"https:\/\/wp.me\/p6RhLt-nu6","jetpack_sharing_enabled":true,"_links":{"self":[{"href":"https:\/\/eldiariodesanpedro.com.ar\/sitio\/wp-json\/wp\/v2\/posts\/90278","targetHints":{"allow":["GET"]}}],"collection":[{"href":"https:\/\/eldiariodesanpedro.com.ar\/sitio\/wp-json\/wp\/v2\/posts"}],"about":[{"href":"https:\/\/eldiariodesanpedro.com.ar\/sitio\/wp-json\/wp\/v2\/types\/post"}],"author":[{"embeddable":true,"href":"https:\/\/eldiariodesanpedro.com.ar\/sitio\/wp-json\/wp\/v2\/users\/4"}],"replies":[{"embeddable":true,"href":"https:\/\/eldiariodesanpedro.com.ar\/sitio\/wp-json\/wp\/v2\/comments?post=90278"}],"version-history":[{"count":1,"href":"https:\/\/eldiariodesanpedro.com.ar\/sitio\/wp-json\/wp\/v2\/posts\/90278\/revisions"}],"predecessor-version":[{"id":90279,"href":"https:\/\/eldiariodesanpedro.com.ar\/sitio\/wp-json\/wp\/v2\/posts\/90278\/revisions\/90279"}],"wp:featuredmedia":[{"embeddable":true,"href":"https:\/\/eldiariodesanpedro.com.ar\/sitio\/wp-json\/wp\/v2\/media\/87950"}],"wp:attachment":[{"href":"https:\/\/eldiariodesanpedro.com.ar\/sitio\/wp-json\/wp\/v2\/media?parent=90278"}],"wp:term":[{"taxonomy":"category","embeddable":true,"href":"https:\/\/eldiariodesanpedro.com.ar\/sitio\/wp-json\/wp\/v2\/categories?post=90278"},{"taxonomy":"post_tag","embeddable":true,"href":"https:\/\/eldiariodesanpedro.com.ar\/sitio\/wp-json\/wp\/v2\/tags?post=90278"}],"curies":[{"name":"wp","href":"https:\/\/api.w.org\/{rel}","templated":true}]}}