{"id":90275,"date":"2021-04-04T21:13:07","date_gmt":"2021-04-05T00:13:07","guid":{"rendered":"https:\/\/eldiariodesanpedro.com.ar\/sitio\/?p=90275"},"modified":"2021-04-04T21:13:11","modified_gmt":"2021-04-05T00:13:11","slug":"coronavirus-43-resultados-negativos-y-29-positivos-ademas-en-24-horas-2-fallecimientos","status":"publish","type":"post","link":"https:\/\/eldiariodesanpedro.com.ar\/sitio\/coronavirus-43-resultados-negativos-y-29-positivos-ademas-en-24-horas-2-fallecimientos\/","title":{"rendered":"Coronavirus: 43 resultados negativos y 29 positivos, adem\u00e1s en 24 horas 2 fallecimientos"},"content":{"rendered":"<!-- VideographyWP Plugin Message: Automatic video embedding prevented by plugin options. -->\n\n<p>La Secretar\u00eda de Salud de la Municipalidad de San Pedro brinda el informe que acompa\u00f1a la placa del d\u00eda de la fecha, en el seguimiento de la Pandemia de Covid-19.<\/p>\n\n\n\n<p>En el d\u00eda de hoy se recibieron los resultados del \u00faltimo env\u00edo de muestras con 43 negativos y 29 positivos.<\/p>\n\n\n\n<p>Los positivos est\u00e1n divididos en:<br>16 mujeres de 12, 15, 20, 24, 29, 31, 34, 44, 46, 47(2), 48, 61, 66, 69 y 79 a\u00f1os.<br>13 hombres de 12(2), 21, 29, 34, 36, 38, 40, 43, 47, 49, 57 y 69 a\u00f1os.<\/p>\n\n\n\n<p>Se incorpora a la estad\u00edstica oficial 1 alta.<\/p>\n\n\n\n<p>Se informaron los fallecimientos de las Sras. Ana Rita Robles de 75 a\u00f1os y Mar\u00eda Elena G\u00f3mez de 69 a\u00f1os, internadas con COVID 19 positivo.<\/p>\n\n\n\n<p>Resumen actualizado de informaci\u00f3n oficial<br>Positivos desde el inicio de la Pandemia: 2539<br>Activos: 81<br>Recuperados: 2374<br>Fallecidos: 84<br>Negativos desde el inicio de la Pandemia: 4048<br>Los datos consignados en este informe corresponden a ex\u00e1menes realizados por PCR.<\/p>\n\n\n\n<p>&#x1f449; Usar tapabocas.<br>&#x1f449; Mantener la distancia m\u00ednima de 2 metros.<br>&#x1f449; Extremar la higiene de los espacios.<br>&#x1f449; Mantener las manos limpias.<\/p>\n\n\n\n<p>Se recuerda que, ante s\u00edntomas de tos seca, fiebre y dolor de garganta se puede llamar al 148 o 107.<\/p>\n","protected":false},"excerpt":{"rendered":"<p>La Secretar\u00eda de Salud de la Municipalidad de San Pedro brinda el informe que acompa\u00f1a la placa del d\u00eda de la fecha, en el seguimiento de la Pandemia de Covid-19. En el d\u00eda de hoy se recibieron los resultados del \u00faltimo env\u00edo de muestras con 43 negativos y 29 positivos. Los positivos est\u00e1n divididos en:16 [&hellip;]<\/p>\n","protected":false},"author":4,"featured_media":77464,"comment_status":"open","ping_status":"closed","sticky":false,"template":"","format":"standard","meta":{"om_disable_all_campaigns":false,"_jetpack_memberships_contains_paid_content":false,"footnotes":""},"categories":[50,101,2],"tags":[],"class_list":["post-90275","post","type-post","status-publish","format-standard","has-post-thumbnail","hentry","category-destacadas","category-interes-general-locales","category-locales"],"aioseo_notices":[],"gutentor_comment":0,"jetpack_featured_media_url":"https:\/\/eldiariodesanpedro.com.ar\/sitio\/wp-content\/uploads\/2020\/07\/5e87e1dede692.jpeg","jetpack_shortlink":"https:\/\/wp.me\/p6RhLt-nu3","jetpack_sharing_enabled":true,"_links":{"self":[{"href":"https:\/\/eldiariodesanpedro.com.ar\/sitio\/wp-json\/wp\/v2\/posts\/90275","targetHints":{"allow":["GET"]}}],"collection":[{"href":"https:\/\/eldiariodesanpedro.com.ar\/sitio\/wp-json\/wp\/v2\/posts"}],"about":[{"href":"https:\/\/eldiariodesanpedro.com.ar\/sitio\/wp-json\/wp\/v2\/types\/post"}],"author":[{"embeddable":true,"href":"https:\/\/eldiariodesanpedro.com.ar\/sitio\/wp-json\/wp\/v2\/users\/4"}],"replies":[{"embeddable":true,"href":"https:\/\/eldiariodesanpedro.com.ar\/sitio\/wp-json\/wp\/v2\/comments?post=90275"}],"version-history":[{"count":1,"href":"https:\/\/eldiariodesanpedro.com.ar\/sitio\/wp-json\/wp\/v2\/posts\/90275\/revisions"}],"predecessor-version":[{"id":90277,"href":"https:\/\/eldiariodesanpedro.com.ar\/sitio\/wp-json\/wp\/v2\/posts\/90275\/revisions\/90277"}],"wp:featuredmedia":[{"embeddable":true,"href":"https:\/\/eldiariodesanpedro.com.ar\/sitio\/wp-json\/wp\/v2\/media\/77464"}],"wp:attachment":[{"href":"https:\/\/eldiariodesanpedro.com.ar\/sitio\/wp-json\/wp\/v2\/media?parent=90275"}],"wp:term":[{"taxonomy":"category","embeddable":true,"href":"https:\/\/eldiariodesanpedro.com.ar\/sitio\/wp-json\/wp\/v2\/categories?post=90275"},{"taxonomy":"post_tag","embeddable":true,"href":"https:\/\/eldiariodesanpedro.com.ar\/sitio\/wp-json\/wp\/v2\/tags?post=90275"}],"curies":[{"name":"wp","href":"https:\/\/api.w.org\/{rel}","templated":true}]}}