{"id":9027,"date":"2016-10-19T20:31:23","date_gmt":"2016-10-19T23:31:23","guid":{"rendered":"https:\/\/eldiariodesanpedro.com.ar\/sitio\/?p=9027"},"modified":"2016-10-19T20:31:23","modified_gmt":"2016-10-19T23:31:23","slug":"una-joven-apunalada-en-la-plaza-del-barrio-centenario-de-pergamino","status":"publish","type":"post","link":"https:\/\/eldiariodesanpedro.com.ar\/sitio\/una-joven-apunalada-en-la-plaza-del-barrio-centenario-de-pergamino\/","title":{"rendered":"Una joven apu\u00f1alada en la plaza del barrio Centenario de Pergamino"},"content":{"rendered":"<p><!-- VideographyWP Plugin Message: Automatic video embedding prevented by plugin options. --><br \/>\nEl lunes a la tarde, una joven de 19 a\u00f1os apareci\u00f3 apu\u00f1alada en la plaza General San Mart\u00edn del barrio Centenario y buscan a dos adolescentes, menores de edad, como las presuntas autoras del ataque.<br \/>\nLa Fiscal\u00eda del Fuero de Responsabilidad Juvenil investiga esta agresi\u00f3n ocurrida el lunes a las dos de la tarde en el espacio p\u00fablico ubicado entre las calles Lavalle, Urquiza, Balboa y Estrada.<br \/>\nSeg\u00fan manifest\u00f3 la v\u00edctima a los efectivos policiales del Comando de Patrulla, mientras ella se encontraba en la plaza arribaron dos mujeres, aparentemente menores de edad, a bordo de una moto y la agredieron. Una de las atacantes le habr\u00eda aplicado un golpe de pu\u00f1o y la otra un puntazo con un arma blanca.<br \/>\nLos m\u00e9dicos de una ambulancia de Medicar acudieron al lugar a partir del llamado de vecinos al servicio de emergencias 147, cuando encontraron a la joven malherida.<br \/>\nAfortunadamente solo fueron lesiones de car\u00e1cter leve, seg\u00fan lo determin\u00f3 el m\u00e9dico de Polic\u00eda, y ya se encuentra en una sala com\u00fan de Cl\u00ednica M\u00e9dica del Hospital recuper\u00e1ndose. (Fuente: Pergamino Verdad)<\/p>\n","protected":false},"excerpt":{"rendered":"<p>El lunes a la tarde, una joven de 19 a\u00f1os apareci\u00f3 apu\u00f1alada en la plaza General San Mart\u00edn del barrio Centenario y buscan a dos adolescentes, menores de edad, como las presuntas autoras del ataque. La Fiscal\u00eda del Fuero de Responsabilidad Juvenil investiga esta agresi\u00f3n ocurrida el lunes a las dos de la tarde en [&hellip;]<\/p>\n","protected":false},"author":4,"featured_media":9028,"comment_status":"open","ping_status":"closed","sticky":false,"template":"","format":"standard","meta":{"om_disable_all_campaigns":false,"_jetpack_memberships_contains_paid_content":false,"footnotes":""},"categories":[621],"tags":[],"class_list":["post-9027","post","type-post","status-publish","format-standard","has-post-thumbnail","hentry","category-regionales"],"aioseo_notices":[],"gutentor_comment":0,"jetpack_featured_media_url":"https:\/\/eldiariodesanpedro.com.ar\/sitio\/wp-content\/uploads\/2016\/10\/joven-apu\u00f1alada.jpg","jetpack_shortlink":"https:\/\/wp.me\/p6RhLt-2lB","jetpack_sharing_enabled":true,"_links":{"self":[{"href":"https:\/\/eldiariodesanpedro.com.ar\/sitio\/wp-json\/wp\/v2\/posts\/9027","targetHints":{"allow":["GET"]}}],"collection":[{"href":"https:\/\/eldiariodesanpedro.com.ar\/sitio\/wp-json\/wp\/v2\/posts"}],"about":[{"href":"https:\/\/eldiariodesanpedro.com.ar\/sitio\/wp-json\/wp\/v2\/types\/post"}],"author":[{"embeddable":true,"href":"https:\/\/eldiariodesanpedro.com.ar\/sitio\/wp-json\/wp\/v2\/users\/4"}],"replies":[{"embeddable":true,"href":"https:\/\/eldiariodesanpedro.com.ar\/sitio\/wp-json\/wp\/v2\/comments?post=9027"}],"version-history":[{"count":1,"href":"https:\/\/eldiariodesanpedro.com.ar\/sitio\/wp-json\/wp\/v2\/posts\/9027\/revisions"}],"predecessor-version":[{"id":9029,"href":"https:\/\/eldiariodesanpedro.com.ar\/sitio\/wp-json\/wp\/v2\/posts\/9027\/revisions\/9029"}],"wp:featuredmedia":[{"embeddable":true,"href":"https:\/\/eldiariodesanpedro.com.ar\/sitio\/wp-json\/wp\/v2\/media\/9028"}],"wp:attachment":[{"href":"https:\/\/eldiariodesanpedro.com.ar\/sitio\/wp-json\/wp\/v2\/media?parent=9027"}],"wp:term":[{"taxonomy":"category","embeddable":true,"href":"https:\/\/eldiariodesanpedro.com.ar\/sitio\/wp-json\/wp\/v2\/categories?post=9027"},{"taxonomy":"post_tag","embeddable":true,"href":"https:\/\/eldiariodesanpedro.com.ar\/sitio\/wp-json\/wp\/v2\/tags?post=9027"}],"curies":[{"name":"wp","href":"https:\/\/api.w.org\/{rel}","templated":true}]}}