{"id":90255,"date":"2021-04-02T18:26:31","date_gmt":"2021-04-02T21:26:31","guid":{"rendered":"https:\/\/eldiariodesanpedro.com.ar\/sitio\/?p=90255"},"modified":"2021-04-02T18:26:32","modified_gmt":"2021-04-02T21:26:32","slug":"a-partir-de-ayer-aumento-la-luz-en-la-provincia-de-buenos-aires","status":"publish","type":"post","link":"https:\/\/eldiariodesanpedro.com.ar\/sitio\/a-partir-de-ayer-aumento-la-luz-en-la-provincia-de-buenos-aires\/","title":{"rendered":"A partir de ayer aument\u00f3 la luz en la provincia de Buenos Aires"},"content":{"rendered":"<!-- VideographyWP Plugin Message: Automatic video embedding prevented by plugin options. -->\n\n<p>El Gobierno de la provincia de Buenos Aires dio a conocer que a partir del d\u00eda de hoy habr\u00e1 un aumento en la tarifa el\u00e9ctrica y que en septiembre se evaluar\u00e1 la posibilidad de aplicar una nueva suba. El anuncio se realiz\u00f3 a trav\u00e9s de una conferencia de prensa que encabez\u00f3 el gobernador Axel Kicillof junto al ministro de Hacienda y Finanzas, Pablo L\u00f3pez, y el subsecretario de Energ\u00eda, Gast\u00f3n Ghioni.<\/p>\n\n\n\n<p>Al respecto, Ghioni manifest\u00f3 que \u00abvamos a aumentar la tarifa un 7% en abril y empezar un periodo de negociaci\u00f3n para ver qu\u00e9 inversiones hay que hacer de ac\u00e1 en adelante, y garantizar que se realicen para garantizar la calidad del servicio. Sabemos la situaci\u00f3n cr\u00edtica en la que estamos en t\u00e9rminos sociales\u00bb.<\/p>\n\n\n\n<p>\u00abEste es el inicio de sentarnos con las cooperativas y transportadoras de generar un proceso de revisi\u00f3n. Esto es la continuidad de lo que ven\u00eda siendo la revisi\u00f3n anterior para llegar al a\u00f1o que viene en mejores condiciones habiendo sobrepasado la situaci\u00f3n de pandemia\u00bb, a\u00f1adi\u00f3.<\/p>\n","protected":false},"excerpt":{"rendered":"<p>El Gobierno de la provincia de Buenos Aires dio a conocer que a partir del d\u00eda de hoy habr\u00e1 un aumento en la tarifa el\u00e9ctrica y que en septiembre se evaluar\u00e1 la posibilidad de aplicar una nueva suba. El anuncio se realiz\u00f3 a trav\u00e9s de una conferencia de prensa que encabez\u00f3 el gobernador Axel Kicillof [&hellip;]<\/p>\n","protected":false},"author":4,"featured_media":90256,"comment_status":"open","ping_status":"closed","sticky":false,"template":"","format":"standard","meta":{"om_disable_all_campaigns":false,"_jetpack_memberships_contains_paid_content":false,"footnotes":""},"categories":[621],"tags":[],"class_list":["post-90255","post","type-post","status-publish","format-standard","has-post-thumbnail","hentry","category-regionales"],"aioseo_notices":[],"gutentor_comment":0,"jetpack_featured_media_url":"https:\/\/eldiariodesanpedro.com.ar\/sitio\/wp-content\/uploads\/2021\/04\/unnamed.jpg","jetpack_shortlink":"https:\/\/wp.me\/p6RhLt-ntJ","jetpack_sharing_enabled":true,"_links":{"self":[{"href":"https:\/\/eldiariodesanpedro.com.ar\/sitio\/wp-json\/wp\/v2\/posts\/90255","targetHints":{"allow":["GET"]}}],"collection":[{"href":"https:\/\/eldiariodesanpedro.com.ar\/sitio\/wp-json\/wp\/v2\/posts"}],"about":[{"href":"https:\/\/eldiariodesanpedro.com.ar\/sitio\/wp-json\/wp\/v2\/types\/post"}],"author":[{"embeddable":true,"href":"https:\/\/eldiariodesanpedro.com.ar\/sitio\/wp-json\/wp\/v2\/users\/4"}],"replies":[{"embeddable":true,"href":"https:\/\/eldiariodesanpedro.com.ar\/sitio\/wp-json\/wp\/v2\/comments?post=90255"}],"version-history":[{"count":1,"href":"https:\/\/eldiariodesanpedro.com.ar\/sitio\/wp-json\/wp\/v2\/posts\/90255\/revisions"}],"predecessor-version":[{"id":90257,"href":"https:\/\/eldiariodesanpedro.com.ar\/sitio\/wp-json\/wp\/v2\/posts\/90255\/revisions\/90257"}],"wp:featuredmedia":[{"embeddable":true,"href":"https:\/\/eldiariodesanpedro.com.ar\/sitio\/wp-json\/wp\/v2\/media\/90256"}],"wp:attachment":[{"href":"https:\/\/eldiariodesanpedro.com.ar\/sitio\/wp-json\/wp\/v2\/media?parent=90255"}],"wp:term":[{"taxonomy":"category","embeddable":true,"href":"https:\/\/eldiariodesanpedro.com.ar\/sitio\/wp-json\/wp\/v2\/categories?post=90255"},{"taxonomy":"post_tag","embeddable":true,"href":"https:\/\/eldiariodesanpedro.com.ar\/sitio\/wp-json\/wp\/v2\/tags?post=90255"}],"curies":[{"name":"wp","href":"https:\/\/api.w.org\/{rel}","templated":true}]}}