{"id":90250,"date":"2021-04-02T18:15:37","date_gmt":"2021-04-02T21:15:37","guid":{"rendered":"https:\/\/eldiariodesanpedro.com.ar\/sitio\/?p=90250"},"modified":"2021-04-02T18:15:38","modified_gmt":"2021-04-02T21:15:38","slug":"el-crecimiento-de-contagios-en-la-provincia-lo-que-ocurrio-en-cuatro-semanas-en-el-verano-ahora-se-dio-en-cuatro-dias","status":"publish","type":"post","link":"https:\/\/eldiariodesanpedro.com.ar\/sitio\/el-crecimiento-de-contagios-en-la-provincia-lo-que-ocurrio-en-cuatro-semanas-en-el-verano-ahora-se-dio-en-cuatro-dias\/","title":{"rendered":"El crecimiento de contagios en la Provincia: \u00abLo que ocurri\u00f3 en cuatro semanas en el verano, ahora se dio en cuatro d\u00edas\u00bb"},"content":{"rendered":"<!-- VideographyWP Plugin Message: Automatic video embedding prevented by plugin options. -->\n\n<p>El viceministro de Salud de la provincia de Buenos Aires, Nicol\u00e1s Kreplak, dijo que el nivel de contagios por coronavirus que se registr\u00f3 en los \u00faltimos cuatro d\u00edas supera en n\u00fameros lo que sucedi\u00f3 en los cuatro meses del a\u00f1o pasado, por lo que advirti\u00f3 sobre la necesidad de \u00abtomar medidas r\u00e1pidamente\u00bb.<\/p>\n\n\n\n<p>\u201cEstamos viviendo algo muy impresionante porque lo que sucedi\u00f3 en cuatro meses del a\u00f1o pasado ocurri\u00f3 en cuatro semanas en el verano y ahora se dio en cuatro d\u00edas\u201d, dijo Kreplak en declaraciones a Radio Provincia.<\/p>\n\n\n\n<p>El funcionario agreg\u00f3 que, debido a este crecimiento, \u00abde una semana a otra del doble de contagios\u00bb, es necesario \u00abtomar medidas r\u00e1pidamente\u00bb porque \u00abla situaci\u00f3n es muy preocupante\u00bb.<\/p>\n\n\n\n<p>\u00abA este ritmo de contagios no sabemos cu\u00e1l es el m\u00e1ximo al que podremos llegar, pero hemos visto lo que pasa en otros lugares del mundo cuando no se toman medidas a tiempo, ya vimos el colapso de hospitales en otros pa\u00edses lim\u00edtrofes\u201d, asever\u00f3.<\/p>\n\n\n\n<p>En este marco, Kreplak record\u00f3 que \u201cno se puede hacer reuniones de m\u00e1s de diez personas en espacios cerrados y abiertos, ya sea cumplea\u00f1os o reuniones familiares\u00bb y agreg\u00f3 que, incluso, \u00abno es momento de hacerlo ahora aunque seamos menos de diez\u00bb.<\/p>\n\n\n\n<p>\u201cEstamos vacunando a un ritmo impresionante, tenemos un 60% de la poblaci\u00f3n mayor vacunada, necesitamos siete u ocho semanas para poder vacunar a las personas de m\u00e1ximo riesgo, y tenemos que ponernos en la cabeza que, si nos piden que no ingresemos a un bar, no lo hagamos\u201d, precis\u00f3.<\/p>\n\n\n\n<p>Agreg\u00f3 que en la provincia de Buenos Aires vienen haciendo estudios y afirm\u00f3 que \u00abtodo aquel que recibi\u00f3 una dosis presenta una producci\u00f3n de anticuerpos elevad\u00edsimo y, por lo tanto, est\u00e1 muy bien la decisi\u00f3n\u201d de aplazar la aplicaci\u00f3n de la segunda.<\/p>\n\n\n\n<p>Finalmente, dijo que est\u00e1n \u201cestudiando y analizando todo\u00bb y que lo hacen con \u00abNaci\u00f3n y Ciudad de Buenos Aires\u00bb.<\/p>\n\n\n\n<p>\u00abTenemos que articular entre todos, desde las posibilidades m\u00e1s dr\u00e1sticas hasta intermedias pero tenemos que tomar decisiones. Si con esto no alcanza, iremos tomando m\u00e1s medidas\u201d, concluy\u00f3.<\/p>\n\n\n\n<p><\/p>\n","protected":false},"excerpt":{"rendered":"<p>El viceministro de Salud de la provincia de Buenos Aires, Nicol\u00e1s Kreplak, dijo que el nivel de contagios por coronavirus que se registr\u00f3 en los \u00faltimos cuatro d\u00edas supera en n\u00fameros lo que sucedi\u00f3 en los cuatro meses del a\u00f1o pasado, por lo que advirti\u00f3 sobre la necesidad de \u00abtomar medidas r\u00e1pidamente\u00bb. \u201cEstamos viviendo algo [&hellip;]<\/p>\n","protected":false},"author":4,"featured_media":90251,"comment_status":"open","ping_status":"closed","sticky":false,"template":"","format":"standard","meta":{"om_disable_all_campaigns":false,"_jetpack_memberships_contains_paid_content":false,"footnotes":""},"categories":[50,101,2,621],"tags":[],"class_list":["post-90250","post","type-post","status-publish","format-standard","has-post-thumbnail","hentry","category-destacadas","category-interes-general-locales","category-locales","category-regionales"],"aioseo_notices":[],"gutentor_comment":0,"jetpack_featured_media_url":"https:\/\/eldiariodesanpedro.com.ar\/sitio\/wp-content\/uploads\/2021\/04\/5f71eb57d7d86_1004x565_658x400.jpg","jetpack_shortlink":"https:\/\/wp.me\/p6RhLt-ntE","jetpack_sharing_enabled":true,"_links":{"self":[{"href":"https:\/\/eldiariodesanpedro.com.ar\/sitio\/wp-json\/wp\/v2\/posts\/90250","targetHints":{"allow":["GET"]}}],"collection":[{"href":"https:\/\/eldiariodesanpedro.com.ar\/sitio\/wp-json\/wp\/v2\/posts"}],"about":[{"href":"https:\/\/eldiariodesanpedro.com.ar\/sitio\/wp-json\/wp\/v2\/types\/post"}],"author":[{"embeddable":true,"href":"https:\/\/eldiariodesanpedro.com.ar\/sitio\/wp-json\/wp\/v2\/users\/4"}],"replies":[{"embeddable":true,"href":"https:\/\/eldiariodesanpedro.com.ar\/sitio\/wp-json\/wp\/v2\/comments?post=90250"}],"version-history":[{"count":1,"href":"https:\/\/eldiariodesanpedro.com.ar\/sitio\/wp-json\/wp\/v2\/posts\/90250\/revisions"}],"predecessor-version":[{"id":90252,"href":"https:\/\/eldiariodesanpedro.com.ar\/sitio\/wp-json\/wp\/v2\/posts\/90250\/revisions\/90252"}],"wp:featuredmedia":[{"embeddable":true,"href":"https:\/\/eldiariodesanpedro.com.ar\/sitio\/wp-json\/wp\/v2\/media\/90251"}],"wp:attachment":[{"href":"https:\/\/eldiariodesanpedro.com.ar\/sitio\/wp-json\/wp\/v2\/media?parent=90250"}],"wp:term":[{"taxonomy":"category","embeddable":true,"href":"https:\/\/eldiariodesanpedro.com.ar\/sitio\/wp-json\/wp\/v2\/categories?post=90250"},{"taxonomy":"post_tag","embeddable":true,"href":"https:\/\/eldiariodesanpedro.com.ar\/sitio\/wp-json\/wp\/v2\/tags?post=90250"}],"curies":[{"name":"wp","href":"https:\/\/api.w.org\/{rel}","templated":true}]}}