{"id":90247,"date":"2021-04-02T18:11:11","date_gmt":"2021-04-02T21:11:11","guid":{"rendered":"https:\/\/eldiariodesanpedro.com.ar\/sitio\/?p=90247"},"modified":"2021-04-02T18:11:15","modified_gmt":"2021-04-02T21:11:15","slug":"campana-ruta-6-fallecio-uno-de-los-automovilistas-y-hay-un-bebe-de-6-meses-entre-los-heridos","status":"publish","type":"post","link":"https:\/\/eldiariodesanpedro.com.ar\/sitio\/campana-ruta-6-fallecio-uno-de-los-automovilistas-y-hay-un-bebe-de-6-meses-entre-los-heridos\/","title":{"rendered":"CAMPANA | Ruta 6: Falleci\u00f3 uno de los automovilistas y hay un beb\u00e9 de 6 meses entre los heridos"},"content":{"rendered":"<!-- VideographyWP Plugin Message: Automatic video embedding prevented by plugin options. -->\n\n<p>La v\u00edctima fatal fue identificada como Martin Omarche, conductor de un Renault Megane. Su peque\u00f1o hijo y su mujer viajaban en el asiento trasero. El menor fue trasladado inconsciente al Hospital de Capilla del Se\u00f1or, y su estado es reservado. Seguimos ampliando.<\/p>\n\n\n\n<p>El accidente entre dos autos ocurrido esta ma\u00f1ana en la Ruta 6, altura del B\u00b0 San Jorge, se cobr\u00f3 una v\u00edctima fatal seg\u00fan ampliaron fuentes del hecho.<\/p>\n\n\n\n<p>Poco despu\u00e9s de finalizada las tareas de rescate, pudo saberse que a bordo de un Renault Megane circulaba una familia en direcci\u00f3n a Cardales, cuando por motivos a\u00fan no determinados el auto realiz\u00f3 un trompo e impacta con un Volkswagen Gol.<\/p>\n\n\n\n<p>Como consecuencia, perdi\u00f3 la vida el conductor del Renault, identificado como Martin Omarche. Tanto su mujer, Carina Negrete, como un ni\u00f1o de pocos meses de vida, viajaban en la parte trasera y quedaron atrapados en el habit\u00e1culo.<\/p>\n\n\n\n<p>Personal de bomberos de Campana y Cardales cortaron partes del veh\u00edculo para poder liberar al menor, el cual fue trasladado de urgencia e inconsciente al Hospital de Capilla del Se\u00f1or, siendo su estado reservado. La mam\u00e1 tambi\u00e9n pudo ser liberada, y una ambulancia del Same la deriv\u00f3 al centro asistencial con una fractura en una de sus piernas y heridas en sus pies.<\/p>\n\n\n\n<p>Dos m\u00f3viles del SAME y polic\u00eda trabajaron en el lugar junto a los Bomberos. En cuanto a los ocupantes del VW Gol, ambos empleados del Same, tambi\u00e9n fueron asistidos, aunque se encontraban fuera de peligro.<\/p>\n\n\n\n<p>Fuente: Campana Noticias<\/p>\n","protected":false},"excerpt":{"rendered":"<p>La v\u00edctima fatal fue identificada como Martin Omarche, conductor de un Renault Megane. Su peque\u00f1o hijo y su mujer viajaban en el asiento trasero. El menor fue trasladado inconsciente al Hospital de Capilla del Se\u00f1or, y su estado es reservado. Seguimos ampliando. El accidente entre dos autos ocurrido esta ma\u00f1ana en la Ruta 6, altura [&hellip;]<\/p>\n","protected":false},"author":4,"featured_media":90248,"comment_status":"open","ping_status":"closed","sticky":false,"template":"","format":"standard","meta":{"om_disable_all_campaigns":false,"_jetpack_memberships_contains_paid_content":false,"footnotes":""},"categories":[621],"tags":[],"class_list":["post-90247","post","type-post","status-publish","format-standard","has-post-thumbnail","hentry","category-regionales"],"aioseo_notices":[],"gutentor_comment":0,"jetpack_featured_media_url":"https:\/\/eldiariodesanpedro.com.ar\/sitio\/wp-content\/uploads\/2021\/04\/Accidente.jpg","jetpack_shortlink":"https:\/\/wp.me\/p6RhLt-ntB","jetpack_sharing_enabled":true,"_links":{"self":[{"href":"https:\/\/eldiariodesanpedro.com.ar\/sitio\/wp-json\/wp\/v2\/posts\/90247","targetHints":{"allow":["GET"]}}],"collection":[{"href":"https:\/\/eldiariodesanpedro.com.ar\/sitio\/wp-json\/wp\/v2\/posts"}],"about":[{"href":"https:\/\/eldiariodesanpedro.com.ar\/sitio\/wp-json\/wp\/v2\/types\/post"}],"author":[{"embeddable":true,"href":"https:\/\/eldiariodesanpedro.com.ar\/sitio\/wp-json\/wp\/v2\/users\/4"}],"replies":[{"embeddable":true,"href":"https:\/\/eldiariodesanpedro.com.ar\/sitio\/wp-json\/wp\/v2\/comments?post=90247"}],"version-history":[{"count":1,"href":"https:\/\/eldiariodesanpedro.com.ar\/sitio\/wp-json\/wp\/v2\/posts\/90247\/revisions"}],"predecessor-version":[{"id":90249,"href":"https:\/\/eldiariodesanpedro.com.ar\/sitio\/wp-json\/wp\/v2\/posts\/90247\/revisions\/90249"}],"wp:featuredmedia":[{"embeddable":true,"href":"https:\/\/eldiariodesanpedro.com.ar\/sitio\/wp-json\/wp\/v2\/media\/90248"}],"wp:attachment":[{"href":"https:\/\/eldiariodesanpedro.com.ar\/sitio\/wp-json\/wp\/v2\/media?parent=90247"}],"wp:term":[{"taxonomy":"category","embeddable":true,"href":"https:\/\/eldiariodesanpedro.com.ar\/sitio\/wp-json\/wp\/v2\/categories?post=90247"},{"taxonomy":"post_tag","embeddable":true,"href":"https:\/\/eldiariodesanpedro.com.ar\/sitio\/wp-json\/wp\/v2\/tags?post=90247"}],"curies":[{"name":"wp","href":"https:\/\/api.w.org\/{rel}","templated":true}]}}