{"id":90244,"date":"2021-04-02T17:07:03","date_gmt":"2021-04-02T20:07:03","guid":{"rendered":"https:\/\/eldiariodesanpedro.com.ar\/sitio\/?p=90244"},"modified":"2021-04-02T17:07:07","modified_gmt":"2021-04-02T20:07:07","slug":"acto-por-el-39-aniversario-de-la-guerra-de-malvinas","status":"publish","type":"post","link":"https:\/\/eldiariodesanpedro.com.ar\/sitio\/acto-por-el-39-aniversario-de-la-guerra-de-malvinas\/","title":{"rendered":"Acto por el 39\u00b0 aniversario de la guerra de Malvinas"},"content":{"rendered":"<!-- VideographyWP Plugin Message: Automatic video embedding prevented by plugin options. -->\n\n<p>Mediante una ceremonia \u00edntima los\u00a0excombatientes sampedrinos\u00a0encabezaron el acto que se desarroll\u00f3 en la plazoleta donde se encuentra el monumento que los recuerda.\u00a0<\/p>\n\n\n\n<p>En la ma\u00f1ana del viernes 2 de abril, al conmemorarse 39 a\u00f1os del&nbsp;desembarco de tropas Argentinas en las islas Malvinas, se desarroll\u00f3 el tradicional acto en el monumento que se encuentra en la plazoleta Ej\u00e9rcito de Los Andes, sobre la costanera de nuestra ciudad.<\/p>\n\n\n\n<p>El D\u00eda del Veterano y de los Ca\u00eddos en la Guerra de las Malvinas reuni\u00f3 a los ex combatientes sampedrinos, familiares, autoridades y vecinos, en una \u00edntima y sencilla reuni\u00f3n que los reconoci\u00f3 como corresponde.<\/p>\n\n\n\n<p>En ese lugar los propios ex combatientes colocaron una ofrenda floral y lo mismo sucedi\u00f3 con las autoridades municipales que acompa\u00f1aron el acto que m\u00e1s all\u00e1 de no ser oficial por cuestiones sanitarias fue seguido con respeto y la emoci\u00f3n que la fecha siempre genera.\u00a0<\/p>\n","protected":false},"excerpt":{"rendered":"<p>Mediante una ceremonia \u00edntima los\u00a0excombatientes sampedrinos\u00a0encabezaron el acto que se desarroll\u00f3 en la plazoleta donde se encuentra el monumento que los recuerda.\u00a0 En la ma\u00f1ana del viernes 2 de abril, al conmemorarse 39 a\u00f1os del&nbsp;desembarco de tropas Argentinas en las islas Malvinas, se desarroll\u00f3 el tradicional acto en el monumento que se encuentra en la [&hellip;]<\/p>\n","protected":false},"author":4,"featured_media":90245,"comment_status":"open","ping_status":"closed","sticky":false,"template":"","format":"standard","meta":{"om_disable_all_campaigns":false,"_jetpack_memberships_contains_paid_content":false,"footnotes":""},"categories":[50,101,2],"tags":[],"class_list":["post-90244","post","type-post","status-publish","format-standard","has-post-thumbnail","hentry","category-destacadas","category-interes-general-locales","category-locales"],"aioseo_notices":[],"gutentor_comment":0,"jetpack_featured_media_url":"https:\/\/eldiariodesanpedro.com.ar\/sitio\/wp-content\/uploads\/2021\/04\/000090801.jpg","jetpack_shortlink":"https:\/\/wp.me\/p6RhLt-nty","jetpack_sharing_enabled":true,"_links":{"self":[{"href":"https:\/\/eldiariodesanpedro.com.ar\/sitio\/wp-json\/wp\/v2\/posts\/90244","targetHints":{"allow":["GET"]}}],"collection":[{"href":"https:\/\/eldiariodesanpedro.com.ar\/sitio\/wp-json\/wp\/v2\/posts"}],"about":[{"href":"https:\/\/eldiariodesanpedro.com.ar\/sitio\/wp-json\/wp\/v2\/types\/post"}],"author":[{"embeddable":true,"href":"https:\/\/eldiariodesanpedro.com.ar\/sitio\/wp-json\/wp\/v2\/users\/4"}],"replies":[{"embeddable":true,"href":"https:\/\/eldiariodesanpedro.com.ar\/sitio\/wp-json\/wp\/v2\/comments?post=90244"}],"version-history":[{"count":1,"href":"https:\/\/eldiariodesanpedro.com.ar\/sitio\/wp-json\/wp\/v2\/posts\/90244\/revisions"}],"predecessor-version":[{"id":90246,"href":"https:\/\/eldiariodesanpedro.com.ar\/sitio\/wp-json\/wp\/v2\/posts\/90244\/revisions\/90246"}],"wp:featuredmedia":[{"embeddable":true,"href":"https:\/\/eldiariodesanpedro.com.ar\/sitio\/wp-json\/wp\/v2\/media\/90245"}],"wp:attachment":[{"href":"https:\/\/eldiariodesanpedro.com.ar\/sitio\/wp-json\/wp\/v2\/media?parent=90244"}],"wp:term":[{"taxonomy":"category","embeddable":true,"href":"https:\/\/eldiariodesanpedro.com.ar\/sitio\/wp-json\/wp\/v2\/categories?post=90244"},{"taxonomy":"post_tag","embeddable":true,"href":"https:\/\/eldiariodesanpedro.com.ar\/sitio\/wp-json\/wp\/v2\/tags?post=90244"}],"curies":[{"name":"wp","href":"https:\/\/api.w.org\/{rel}","templated":true}]}}