{"id":90241,"date":"2021-04-02T12:31:55","date_gmt":"2021-04-02T15:31:55","guid":{"rendered":"https:\/\/eldiariodesanpedro.com.ar\/sitio\/?p=90241"},"modified":"2021-04-02T12:32:00","modified_gmt":"2021-04-02T15:32:00","slug":"la-provincia-advierte-que-la-situacion-de-contagios-es-gravisima-y-con-un-escenario-peor-del-que-esperaban","status":"publish","type":"post","link":"https:\/\/eldiariodesanpedro.com.ar\/sitio\/la-provincia-advierte-que-la-situacion-de-contagios-es-gravisima-y-con-un-escenario-peor-del-que-esperaban\/","title":{"rendered":"La Provincia advierte que la situaci\u00f3n de contagios es \u201cgrav\u00edsima\u201d y con un escenario \u201cpeor del que esperaban\u201d"},"content":{"rendered":"<!-- VideographyWP Plugin Message: Automatic video embedding prevented by plugin options. -->\n\n<p>As\u00ed lo afirm\u00f3 hoy el jefe de asesores del ministerio de Salud bonaerense, Enio Garc\u00eda, alertado por el incremento de contagios por coronavirus y remarc\u00f3 que, \u201csi no se hace algo distinto\u201d respecto de nuevas medidas, \u201cla tendencia es que sigan subiendo los casos\u201d.<\/p>\n\n\n\n<p>El jefe de asesores del ministerio de Salud bonaerense, Enio Garc\u00eda, advirti\u00f3 hoy que la provincia se encuentra \u201cen una situaci\u00f3n grav\u00edsima\u201d por el incremento de contagios por coronavirus y remarc\u00f3 que, \u201csi no se hace algo distinto\u201d respecto de nuevas medidas, \u201cla tendencia es que sigan subiendo los casos\u201d.<\/p>\n\n\n\n<p>Garc\u00eda record\u00f3 que \u201cel a\u00f1o pasado, cuando el sistema de salud estuvo m\u00e1s estresado, ten\u00edamos 6.000 casos en provincia y ayer tuvimos 8.000\u201d, y destac\u00f3 que, \u201csi no se hace nada distinto, la tendencia es que sigan subiendo los casos\u201d.<\/p>\n\n\n\n<p>En ese sentido, expres\u00f3 en declaraciones radiales que \u201clas medidas que hay que tomar implican restricciones a la circulaci\u00f3n de personas\u201d, y consider\u00f3 que \u201cla restricci\u00f3n horaria funcion\u00f3 bien con el aumento de casos de fin de a\u00f1o, pero con este aumento de casos queda chica\u201d.<\/p>\n\n\n\n<p>En este punto, el jefe de asesores del ministerio de Salud bonaerense, sostuvo que \u201cvamos a tener que rehacer las proyecciones que ven\u00edamos trabajando\u201d.<\/p>\n\n\n\n<p>Asimismo, acot\u00f3 que \u201clos fines de semana bajan los registros, pero no podemos estar cuatro d\u00edas sin saber lo que est\u00e1 pasando\u201d, y detall\u00f3 que \u201cvamos a elevar la informaci\u00f3n para ver si se puede tomar alguna decisi\u00f3n aun durante el feriado\u201d.<\/p>\n\n\n\n<p>El funcionario bonaerense indic\u00f3 que \u201cdespu\u00e9s de Semana Santa empieza un cap\u00edtulo nuevo, seguro\u201d, y adelant\u00f3 que \u201cla idea era dejar el feriado con el margen que tenemos pero las proyecciones ya indican que van a seguir en aumento\u201d.<\/p>\n\n\n\n<p>Alertado por la creciente suba de contagios, Enio Garc\u00eda analiz\u00f3 que \u201cel peor escenario que ten\u00edamos no mostraba los casos que tenemos ahora\u201d, precis\u00f3 y, en ese sentido, se\u00f1al\u00f3 que \u201cel peor escenario que ten\u00edamos era mejor que esto\u201d, en funci\u00f3n de que \u201chubo una explosi\u00f3n de casos\u201d.<\/p>\n\n\n\n<p>En funci\u00f3n del escenario detallado, el funcionario del \u00e1rea de Salud, asever\u00f3 que \u201clas restricciones tienen que ser m\u00e1s fuertes que las que hab\u00edamos planteado\u201d, y opin\u00f3 que \u201cla tensi\u00f3n salud-econom\u00eda es hasta ah\u00ed, cuando los casos explotan la gente se guarda igual y la econom\u00eda cae igual\u201d.<\/p>\n\n\n\n<p>\u201cEl peor de los mundos es una econom\u00eda y un sistema de salud colapsado\u201d, concluy\u00f3.<\/p>\n\n\n\n<p>Fuente: La Tecla<a rel=\"noreferrer noopener\" href=\"https:\/\/www.facebook.com\/dialog\/send?app_id=140586622674265&amp;link=https%3A%2F%2Farrecifesnoticias.com%2Fnacionales%2Fla-provincia-advierte-que-la-situacion-de-contagios-es-gravisima-y-con-un-escenario-peor-del-que-esperaban%2F&amp;redirect_uri=https%3A%2F%2Farrecifesnoticias.com%2Fnacionales%2Fla-provincia-advierte-que-la-situacion-de-contagios-es-gravisima-y-con-un-escenario-peor-del-que-esperaban%2F\" target=\"_blank\"><\/a><\/p>\n","protected":false},"excerpt":{"rendered":"<p>As\u00ed lo afirm\u00f3 hoy el jefe de asesores del ministerio de Salud bonaerense, Enio Garc\u00eda, alertado por el incremento de contagios por coronavirus y remarc\u00f3 que, \u201csi no se hace algo distinto\u201d respecto de nuevas medidas, \u201cla tendencia es que sigan subiendo los casos\u201d. El jefe de asesores del ministerio de Salud bonaerense, Enio Garc\u00eda, [&hellip;]<\/p>\n","protected":false},"author":4,"featured_media":90242,"comment_status":"open","ping_status":"closed","sticky":false,"template":"","format":"standard","meta":{"om_disable_all_campaigns":false,"_jetpack_memberships_contains_paid_content":false,"footnotes":""},"categories":[621],"tags":[],"class_list":["post-90241","post","type-post","status-publish","format-standard","has-post-thumbnail","hentry","category-regionales"],"aioseo_notices":[],"gutentor_comment":0,"jetpack_featured_media_url":"https:\/\/eldiariodesanpedro.com.ar\/sitio\/wp-content\/uploads\/2021\/04\/Coronavirus-internado-708x510-1.jpg","jetpack_shortlink":"https:\/\/wp.me\/p6RhLt-ntv","jetpack_sharing_enabled":true,"_links":{"self":[{"href":"https:\/\/eldiariodesanpedro.com.ar\/sitio\/wp-json\/wp\/v2\/posts\/90241","targetHints":{"allow":["GET"]}}],"collection":[{"href":"https:\/\/eldiariodesanpedro.com.ar\/sitio\/wp-json\/wp\/v2\/posts"}],"about":[{"href":"https:\/\/eldiariodesanpedro.com.ar\/sitio\/wp-json\/wp\/v2\/types\/post"}],"author":[{"embeddable":true,"href":"https:\/\/eldiariodesanpedro.com.ar\/sitio\/wp-json\/wp\/v2\/users\/4"}],"replies":[{"embeddable":true,"href":"https:\/\/eldiariodesanpedro.com.ar\/sitio\/wp-json\/wp\/v2\/comments?post=90241"}],"version-history":[{"count":1,"href":"https:\/\/eldiariodesanpedro.com.ar\/sitio\/wp-json\/wp\/v2\/posts\/90241\/revisions"}],"predecessor-version":[{"id":90243,"href":"https:\/\/eldiariodesanpedro.com.ar\/sitio\/wp-json\/wp\/v2\/posts\/90241\/revisions\/90243"}],"wp:featuredmedia":[{"embeddable":true,"href":"https:\/\/eldiariodesanpedro.com.ar\/sitio\/wp-json\/wp\/v2\/media\/90242"}],"wp:attachment":[{"href":"https:\/\/eldiariodesanpedro.com.ar\/sitio\/wp-json\/wp\/v2\/media?parent=90241"}],"wp:term":[{"taxonomy":"category","embeddable":true,"href":"https:\/\/eldiariodesanpedro.com.ar\/sitio\/wp-json\/wp\/v2\/categories?post=90241"},{"taxonomy":"post_tag","embeddable":true,"href":"https:\/\/eldiariodesanpedro.com.ar\/sitio\/wp-json\/wp\/v2\/tags?post=90241"}],"curies":[{"name":"wp","href":"https:\/\/api.w.org\/{rel}","templated":true}]}}