{"id":9024,"date":"2016-10-19T20:27:37","date_gmt":"2016-10-19T23:27:37","guid":{"rendered":"https:\/\/eldiariodesanpedro.com.ar\/sitio\/?p=9024"},"modified":"2016-10-19T20:27:37","modified_gmt":"2016-10-19T23:27:37","slug":"zarate-no-recibira-fuerzas-federales-por-el-momento","status":"publish","type":"post","link":"https:\/\/eldiariodesanpedro.com.ar\/sitio\/zarate-no-recibira-fuerzas-federales-por-el-momento\/","title":{"rendered":"Z\u00e1rate no recibir\u00e1 fuerzas federales por el momento"},"content":{"rendered":"<p><!-- VideographyWP Plugin Message: Automatic video embedding prevented by plugin options. --><br \/>\nUn total de 1200 efectivos comenzaron a trabajar en Avellaneda, Lan\u00fas, Quilmes y Lomas de Zamora. Antes de fin de a\u00f1o habr\u00e1 6300 uniformados en las localidades bonaerenses. Se esperaba que nuestro distrito no estuviera incluido dentro del primer grupo. Seg\u00fan autoridades municipales esto demora el regreso de Prefectura.<br \/>\nEfectivos de fuerzas federales de seguridad desembarcaron en cuatro distritos del sur del conurbano bonaerense para fortalecer el combate del delito.<br \/>\nEn el arranque de esta primera etapa del despliegue de unos 1200 uniformados de Gendarmer\u00eda Nacional, Prefectura Naval, Polic\u00eda Federal y Polic\u00eda de Seguridad Aeroportuaria en territorio bonaerense, el presidente Mauricio Macri resalt\u00f3 la importancia de que los agentes trabajen en forma coordinada.<br \/>\nEsta primera etapa alcanza a cuatro distritos calientes en materia de inseguridad: Avellaneda, Lan\u00fas, Lomas de Zamora y Quilmes, tal como anunciaron la semana pasada el ministro de Seguridad bonaerense, Cristian Ritondo, y el secretario de Seguridad de la Naci\u00f3n, Eugenio Burzaco. En total ser\u00e1n 6300 efectivos los que ocupen diferentes localidades del Conurbano.<br \/>\nEl despliegue es el primero de una serie que se expandir\u00e1 hasta diciembre. Los efectivos de las fuerzas federales abarcar\u00e1n a 33 distritos bonaerenses. De acuerdo al cronograma oficial, dentro de 15 d\u00edas se sumar\u00e1n Almirante Brown, Echeverr\u00eda, Ezeiza, La Matanza, Mor\u00f3n y Mar del Plata.<br \/>\nMientras tanto, en Z\u00e1rate se deber\u00e1 esperar para el regreso de Prefectura o tal vez de Gendarmer\u00eda. Seg\u00fan informaron autoridades municipales la nueva determinaci\u00f3n demora el arribo de efectivos federales al distrito. (Fuente: Zarate Alerta)<\/p>\n","protected":false},"excerpt":{"rendered":"<p>Un total de 1200 efectivos comenzaron a trabajar en Avellaneda, Lan\u00fas, Quilmes y Lomas de Zamora. Antes de fin de a\u00f1o habr\u00e1 6300 uniformados en las localidades bonaerenses. Se esperaba que nuestro distrito no estuviera incluido dentro del primer grupo. Seg\u00fan autoridades municipales esto demora el regreso de Prefectura. Efectivos de fuerzas federales de seguridad [&hellip;]<\/p>\n","protected":false},"author":4,"featured_media":9025,"comment_status":"open","ping_status":"closed","sticky":false,"template":"","format":"standard","meta":{"om_disable_all_campaigns":false,"_jetpack_memberships_contains_paid_content":false,"footnotes":""},"categories":[621],"tags":[],"class_list":["post-9024","post","type-post","status-publish","format-standard","has-post-thumbnail","hentry","category-regionales"],"aioseo_notices":[],"gutentor_comment":0,"jetpack_featured_media_url":"https:\/\/eldiariodesanpedro.com.ar\/sitio\/wp-content\/uploads\/2016\/10\/gendarmeria-fuerzas.png","jetpack_shortlink":"https:\/\/wp.me\/p6RhLt-2ly","jetpack_sharing_enabled":true,"_links":{"self":[{"href":"https:\/\/eldiariodesanpedro.com.ar\/sitio\/wp-json\/wp\/v2\/posts\/9024","targetHints":{"allow":["GET"]}}],"collection":[{"href":"https:\/\/eldiariodesanpedro.com.ar\/sitio\/wp-json\/wp\/v2\/posts"}],"about":[{"href":"https:\/\/eldiariodesanpedro.com.ar\/sitio\/wp-json\/wp\/v2\/types\/post"}],"author":[{"embeddable":true,"href":"https:\/\/eldiariodesanpedro.com.ar\/sitio\/wp-json\/wp\/v2\/users\/4"}],"replies":[{"embeddable":true,"href":"https:\/\/eldiariodesanpedro.com.ar\/sitio\/wp-json\/wp\/v2\/comments?post=9024"}],"version-history":[{"count":1,"href":"https:\/\/eldiariodesanpedro.com.ar\/sitio\/wp-json\/wp\/v2\/posts\/9024\/revisions"}],"predecessor-version":[{"id":9026,"href":"https:\/\/eldiariodesanpedro.com.ar\/sitio\/wp-json\/wp\/v2\/posts\/9024\/revisions\/9026"}],"wp:featuredmedia":[{"embeddable":true,"href":"https:\/\/eldiariodesanpedro.com.ar\/sitio\/wp-json\/wp\/v2\/media\/9025"}],"wp:attachment":[{"href":"https:\/\/eldiariodesanpedro.com.ar\/sitio\/wp-json\/wp\/v2\/media?parent=9024"}],"wp:term":[{"taxonomy":"category","embeddable":true,"href":"https:\/\/eldiariodesanpedro.com.ar\/sitio\/wp-json\/wp\/v2\/categories?post=9024"},{"taxonomy":"post_tag","embeddable":true,"href":"https:\/\/eldiariodesanpedro.com.ar\/sitio\/wp-json\/wp\/v2\/tags?post=9024"}],"curies":[{"name":"wp","href":"https:\/\/api.w.org\/{rel}","templated":true}]}}