{"id":90238,"date":"2021-04-02T12:27:18","date_gmt":"2021-04-02T15:27:18","guid":{"rendered":"https:\/\/eldiariodesanpedro.com.ar\/sitio\/?p=90238"},"modified":"2021-04-02T12:27:24","modified_gmt":"2021-04-02T15:27:24","slug":"ruta-41-tres-sampedrinos-lesionados-cuando-viajaban-a-mar-del-plata","status":"publish","type":"post","link":"https:\/\/eldiariodesanpedro.com.ar\/sitio\/ruta-41-tres-sampedrinos-lesionados-cuando-viajaban-a-mar-del-plata\/","title":{"rendered":"Ruta 41: Tres sampedrinos lesionados cuando viajaban a Mar del Plata"},"content":{"rendered":"<!-- VideographyWP Plugin Message: Automatic video embedding prevented by plugin options. -->\n\n<p>Sucedi\u00f3 en la ma\u00f1ana del jueves y los tres ocupantes sufrieron lesiones leves pero igual fueron trasladados al Hospital Municipal de Navarro.\u00a0<\/p>\n\n\n\n<p>Un auto Peugeot 208 gris en el que viajaban tres vecinos sampedrinos volc\u00f3 sobre la Ruta 41 en la ma\u00f1ana del jueves. Sucedi\u00f3 cerca de las 10.15 horas cuando el veh\u00edculo, que llevaba como destino Mar del Plata, se sali\u00f3 del camino, se cruz\u00f3 de mano y termin\u00f3 volcando sobre una alcantarilla.<\/p>\n\n\n\n<p>En el auto viajaban su conductora, Paola Alejandra Moragues de 52 a\u00f1os, empleada administrativa del sanatorio Coopser; su novio Guillermo Robles, de 51 a\u00f1os, empleado del Anses; y la Dra.&nbsp;Mar\u00eda Victoria Vitale, de 50 a\u00f1os, quien se desempe\u00f1a como abogada del Consorcio del Puerto de San Pedro.&nbsp;<\/p>\n\n\n\n<p>Los ocupantes sufrieron traumatismos menores y por precauci\u00f3n fueron trasladados al Hospital de Navarro luego de ser rescatados por los Bomberos Voluntarios de esa localidad.<\/p>\n\n\n\n<p>Foto:&nbsp;elnavarrero.com<\/p>\n","protected":false},"excerpt":{"rendered":"<p>Sucedi\u00f3 en la ma\u00f1ana del jueves y los tres ocupantes sufrieron lesiones leves pero igual fueron trasladados al Hospital Municipal de Navarro.\u00a0 Un auto Peugeot 208 gris en el que viajaban tres vecinos sampedrinos volc\u00f3 sobre la Ruta 41 en la ma\u00f1ana del jueves. Sucedi\u00f3 cerca de las 10.15 horas cuando el veh\u00edculo, que llevaba [&hellip;]<\/p>\n","protected":false},"author":4,"featured_media":90239,"comment_status":"open","ping_status":"closed","sticky":false,"template":"","format":"standard","meta":{"om_disable_all_campaigns":false,"_jetpack_memberships_contains_paid_content":false,"footnotes":""},"categories":[50,2,103],"tags":[],"class_list":["post-90238","post","type-post","status-publish","format-standard","has-post-thumbnail","hentry","category-destacadas","category-locales","category-policiales-locales"],"aioseo_notices":[],"gutentor_comment":0,"jetpack_featured_media_url":"https:\/\/eldiariodesanpedro.com.ar\/sitio\/wp-content\/uploads\/2021\/04\/000090793.jpg","jetpack_shortlink":"https:\/\/wp.me\/p6RhLt-nts","jetpack_sharing_enabled":true,"_links":{"self":[{"href":"https:\/\/eldiariodesanpedro.com.ar\/sitio\/wp-json\/wp\/v2\/posts\/90238","targetHints":{"allow":["GET"]}}],"collection":[{"href":"https:\/\/eldiariodesanpedro.com.ar\/sitio\/wp-json\/wp\/v2\/posts"}],"about":[{"href":"https:\/\/eldiariodesanpedro.com.ar\/sitio\/wp-json\/wp\/v2\/types\/post"}],"author":[{"embeddable":true,"href":"https:\/\/eldiariodesanpedro.com.ar\/sitio\/wp-json\/wp\/v2\/users\/4"}],"replies":[{"embeddable":true,"href":"https:\/\/eldiariodesanpedro.com.ar\/sitio\/wp-json\/wp\/v2\/comments?post=90238"}],"version-history":[{"count":1,"href":"https:\/\/eldiariodesanpedro.com.ar\/sitio\/wp-json\/wp\/v2\/posts\/90238\/revisions"}],"predecessor-version":[{"id":90240,"href":"https:\/\/eldiariodesanpedro.com.ar\/sitio\/wp-json\/wp\/v2\/posts\/90238\/revisions\/90240"}],"wp:featuredmedia":[{"embeddable":true,"href":"https:\/\/eldiariodesanpedro.com.ar\/sitio\/wp-json\/wp\/v2\/media\/90239"}],"wp:attachment":[{"href":"https:\/\/eldiariodesanpedro.com.ar\/sitio\/wp-json\/wp\/v2\/media?parent=90238"}],"wp:term":[{"taxonomy":"category","embeddable":true,"href":"https:\/\/eldiariodesanpedro.com.ar\/sitio\/wp-json\/wp\/v2\/categories?post=90238"},{"taxonomy":"post_tag","embeddable":true,"href":"https:\/\/eldiariodesanpedro.com.ar\/sitio\/wp-json\/wp\/v2\/tags?post=90238"}],"curies":[{"name":"wp","href":"https:\/\/api.w.org\/{rel}","templated":true}]}}