{"id":90235,"date":"2021-04-02T12:25:10","date_gmt":"2021-04-02T15:25:10","guid":{"rendered":"https:\/\/eldiariodesanpedro.com.ar\/sitio\/?p=90235"},"modified":"2021-04-02T12:25:14","modified_gmt":"2021-04-02T15:25:14","slug":"programa-y-actividades-para-semana-santa-en-san-pedro","status":"publish","type":"post","link":"https:\/\/eldiariodesanpedro.com.ar\/sitio\/programa-y-actividades-para-semana-santa-en-san-pedro\/","title":{"rendered":"Programa y actividades para Semana Santa en San Pedro"},"content":{"rendered":"<!-- VideographyWP Plugin Message: Automatic video embedding prevented by plugin options. -->\n\n<p>La ciudad ofrece un circuito enriquecido por los espect\u00e1culos culturales, gastron\u00f3micos y sociales. Artesanos y emprendedores ofrecen sus productos en distintos espacios.<\/p>\n\n\n\n<p>La ciudad se prepara con todo para esta Semana Santa proponiendo diversas actividades. Se espera que la afluencia de visitantes complete la capacidad de alojamiento de todo el partido y a la vez cuente con una nutrida agenda de actividad para disfrute de los propios sampedrinos y turistas.<\/p>\n\n\n\n<p>El programa es variado y desde el habitual circuito de museos como componen el Buque Museo General Irigoyen, el museo del \u201cPato\u201d Morresi, el Paseo de los T\u00faneles, el Museo Hist\u00f3rico Regional, el Museo Paleontol\u00f3gico, el de Sitio de la Batalla de Vuelta de Obligado, el de Tecnolog\u00eda Agropecuaria de Gobernador Castro, el del Centenario de Santa Luc\u00eda, el Parque Sue\u00f1o del Tano y el Centro Cultural Abelardo Castillo, tambi\u00e9n se agregan espect\u00e1culos musicales y a presencia de artesanos y emprendedores. &nbsp;<\/p>\n\n\n\n<p>Esta Semana Santa habr\u00e1 peatonal en la primera cuadra de la avenida 11 de Septiembre, en el denominado Paseo de los Canastos. All\u00ed mismo se puede visitar el Patio Gastron\u00f3mico del Paseo Agenor Almada, Mercado del R\u00edo y los restaurantes ubicados en el Paseo de los Canastos, donde junto a los patios y bares c\u00e9ntricos ofrecen una interesante variedad en materia gastron\u00f3mica.<\/p>\n\n\n\n<p>La plaza Constituci\u00f3n, el Paseo Agenor Almada y Vuelta de Obligado tendr\u00e1n feria artesanal con artesanos y microemprendedores locales.<\/p>\n\n\n\n<p>Como de costumbre la Direcci\u00f3n de Turismo ofrece recorridos guiados por el casco hist\u00f3rico de la ciudad para viernes, s\u00e1bado y domingo, con inscripci\u00f3n previa. Viernes y s\u00e1bado es a las 18.30 y el domingo es por la ma\u00f1ana, a las 10.30.<\/p>\n\n\n\n<p>Cultura mantiene las visitas teatralizadas a cargo de Gabriela Bah\u00eda y Agustina Gonda en el Buque Museo ARA Irigoyen el s\u00e1bado a las 19.00 y en el Paseo de los T\u00faneles el domingo a las 11.00.<\/p>\n\n\n\n<p>En cuanto a los espect\u00e1culos el jueves a las 21.00 en el V\u00eda Crucis se presenta la obra clown Universo Pi a cargo de los artistas de Sala Cuarta Pared.<\/p>\n\n\n\n<p>El viernes, a las 20.30, en el anfiteatro natural Barrancas de San Pedro, frente al Paseo P\u00fablico, se presenta el reconocido grupo folcl\u00f3rico Los Yupanqui.<\/p>\n\n\n\n<p>El mismo viernes a las 20.30, en el Multiespacio Cultural La Palma se presentar\u00e1 la obra Rotos de Amor.<\/p>\n\n\n\n<p>El s\u00e1bado, desde las 10.00 y hasta las 16.00, se desarrollar\u00e1 un encuentro art\u00edstico denominado \u201cManchas donde se inicia todo\u201d,<\/p>\n\n\n\n<p>A las 19.30, se presenta \u201cLa vida de Jes\u00fas de Nazaret, una propuesta art\u00edstica dirigida por Daniel Corti, con m\u00e1s de 50 actores en escena en las barrancas frente al Paseo P\u00fablico.<\/p>\n\n\n\n<p>Tambi\u00e9n el s\u00e1bado, en el Multiespacio Cultural La Palma, volver\u00e1 a escena Fiesta en la Estancia, con Costa y Ale Cupit\u00f3 desde las 21.30.<\/p>\n\n\n\n<p>El domingo a las 19.30, en el V\u00eda Crucis, se proyectar\u00e1 la pel\u00edcula La Creciente, dirigida por el sampedrino Franco Gonz\u00e1lez.<\/p>\n\n\n\n<p>El tr\u00e1nsito vehicular estar\u00e1 cortado entre jueves y domingo desde las 19.00 en la zona costera. Adem\u00e1s, habr\u00e1 restricci\u00f3n de circulaci\u00f3n en la avenida costanera con desv\u00edo de tr\u00e1nsito por el interior del Paseo P\u00fablico entre las 16.00 y las 22.00 el viernes y el s\u00e1bado, teniendo en cuenta los espect\u00e1culos art\u00edsticos previstos en ese espacio.<\/p>\n","protected":false},"excerpt":{"rendered":"<p>La ciudad ofrece un circuito enriquecido por los espect\u00e1culos culturales, gastron\u00f3micos y sociales. Artesanos y emprendedores ofrecen sus productos en distintos espacios. La ciudad se prepara con todo para esta Semana Santa proponiendo diversas actividades. Se espera que la afluencia de visitantes complete la capacidad de alojamiento de todo el partido y a la vez [&hellip;]<\/p>\n","protected":false},"author":4,"featured_media":90236,"comment_status":"open","ping_status":"closed","sticky":false,"template":"","format":"standard","meta":{"om_disable_all_campaigns":false,"_jetpack_memberships_contains_paid_content":false,"footnotes":""},"categories":[50,101,2],"tags":[],"class_list":["post-90235","post","type-post","status-publish","format-standard","has-post-thumbnail","hentry","category-destacadas","category-interes-general-locales","category-locales"],"aioseo_notices":[],"gutentor_comment":0,"jetpack_featured_media_url":"https:\/\/eldiariodesanpedro.com.ar\/sitio\/wp-content\/uploads\/2021\/04\/000090785.jpg","jetpack_shortlink":"https:\/\/wp.me\/p6RhLt-ntp","jetpack_sharing_enabled":true,"_links":{"self":[{"href":"https:\/\/eldiariodesanpedro.com.ar\/sitio\/wp-json\/wp\/v2\/posts\/90235","targetHints":{"allow":["GET"]}}],"collection":[{"href":"https:\/\/eldiariodesanpedro.com.ar\/sitio\/wp-json\/wp\/v2\/posts"}],"about":[{"href":"https:\/\/eldiariodesanpedro.com.ar\/sitio\/wp-json\/wp\/v2\/types\/post"}],"author":[{"embeddable":true,"href":"https:\/\/eldiariodesanpedro.com.ar\/sitio\/wp-json\/wp\/v2\/users\/4"}],"replies":[{"embeddable":true,"href":"https:\/\/eldiariodesanpedro.com.ar\/sitio\/wp-json\/wp\/v2\/comments?post=90235"}],"version-history":[{"count":1,"href":"https:\/\/eldiariodesanpedro.com.ar\/sitio\/wp-json\/wp\/v2\/posts\/90235\/revisions"}],"predecessor-version":[{"id":90237,"href":"https:\/\/eldiariodesanpedro.com.ar\/sitio\/wp-json\/wp\/v2\/posts\/90235\/revisions\/90237"}],"wp:featuredmedia":[{"embeddable":true,"href":"https:\/\/eldiariodesanpedro.com.ar\/sitio\/wp-json\/wp\/v2\/media\/90236"}],"wp:attachment":[{"href":"https:\/\/eldiariodesanpedro.com.ar\/sitio\/wp-json\/wp\/v2\/media?parent=90235"}],"wp:term":[{"taxonomy":"category","embeddable":true,"href":"https:\/\/eldiariodesanpedro.com.ar\/sitio\/wp-json\/wp\/v2\/categories?post=90235"},{"taxonomy":"post_tag","embeddable":true,"href":"https:\/\/eldiariodesanpedro.com.ar\/sitio\/wp-json\/wp\/v2\/tags?post=90235"}],"curies":[{"name":"wp","href":"https:\/\/api.w.org\/{rel}","templated":true}]}}