{"id":90233,"date":"2021-04-02T12:18:22","date_gmt":"2021-04-02T15:18:22","guid":{"rendered":"https:\/\/eldiariodesanpedro.com.ar\/sitio\/?p=90233"},"modified":"2021-04-02T12:18:26","modified_gmt":"2021-04-02T15:18:26","slug":"robaron-una-motocicleta-en-la-via-publica-3","status":"publish","type":"post","link":"https:\/\/eldiariodesanpedro.com.ar\/sitio\/robaron-una-motocicleta-en-la-via-publica-3\/","title":{"rendered":"Robaron una motocicleta en la v\u00eda p\u00fablica"},"content":{"rendered":"<!-- VideographyWP Plugin Message: Automatic video embedding prevented by plugin options. -->\n\n<p>En la jornada de ayer jueves se recibi\u00f3 una denuncia en la comisar\u00eda local por parte de una mujer mayor de edad donde declara que le sustrajeron su motocicleta.<\/p>\n\n\n\n<p>El hecho ocurri\u00f3 en la ma\u00f1ana de este jueves cuando una mujer dej\u00f3 estacionada en la v\u00eda p\u00fablica en calle Salta al 1000 una motocicleta tipo 110 cc sin candado y momentos despu\u00e9s descubre que delincuentes ignorados se la sustrajeron.<\/p>\n\n\n\n<p>La polic\u00eda de nuestra ciudad investiga el hecho.<\/p>\n","protected":false},"excerpt":{"rendered":"<p>En la jornada de ayer jueves se recibi\u00f3 una denuncia en la comisar\u00eda local por parte de una mujer mayor de edad donde declara que le sustrajeron su motocicleta. El hecho ocurri\u00f3 en la ma\u00f1ana de este jueves cuando una mujer dej\u00f3 estacionada en la v\u00eda p\u00fablica en calle Salta al 1000 una motocicleta tipo [&hellip;]<\/p>\n","protected":false},"author":4,"featured_media":45394,"comment_status":"open","ping_status":"closed","sticky":false,"template":"","format":"standard","meta":{"om_disable_all_campaigns":false,"_jetpack_memberships_contains_paid_content":false,"footnotes":""},"categories":[2,103],"tags":[],"class_list":["post-90233","post","type-post","status-publish","format-standard","has-post-thumbnail","hentry","category-locales","category-policiales-locales"],"aioseo_notices":[],"gutentor_comment":0,"jetpack_featured_media_url":"https:\/\/eldiariodesanpedro.com.ar\/sitio\/wp-content\/uploads\/2019\/01\/comisaria.jpg","jetpack_shortlink":"https:\/\/wp.me\/p6RhLt-ntn","jetpack_sharing_enabled":true,"_links":{"self":[{"href":"https:\/\/eldiariodesanpedro.com.ar\/sitio\/wp-json\/wp\/v2\/posts\/90233","targetHints":{"allow":["GET"]}}],"collection":[{"href":"https:\/\/eldiariodesanpedro.com.ar\/sitio\/wp-json\/wp\/v2\/posts"}],"about":[{"href":"https:\/\/eldiariodesanpedro.com.ar\/sitio\/wp-json\/wp\/v2\/types\/post"}],"author":[{"embeddable":true,"href":"https:\/\/eldiariodesanpedro.com.ar\/sitio\/wp-json\/wp\/v2\/users\/4"}],"replies":[{"embeddable":true,"href":"https:\/\/eldiariodesanpedro.com.ar\/sitio\/wp-json\/wp\/v2\/comments?post=90233"}],"version-history":[{"count":1,"href":"https:\/\/eldiariodesanpedro.com.ar\/sitio\/wp-json\/wp\/v2\/posts\/90233\/revisions"}],"predecessor-version":[{"id":90234,"href":"https:\/\/eldiariodesanpedro.com.ar\/sitio\/wp-json\/wp\/v2\/posts\/90233\/revisions\/90234"}],"wp:featuredmedia":[{"embeddable":true,"href":"https:\/\/eldiariodesanpedro.com.ar\/sitio\/wp-json\/wp\/v2\/media\/45394"}],"wp:attachment":[{"href":"https:\/\/eldiariodesanpedro.com.ar\/sitio\/wp-json\/wp\/v2\/media?parent=90233"}],"wp:term":[{"taxonomy":"category","embeddable":true,"href":"https:\/\/eldiariodesanpedro.com.ar\/sitio\/wp-json\/wp\/v2\/categories?post=90233"},{"taxonomy":"post_tag","embeddable":true,"href":"https:\/\/eldiariodesanpedro.com.ar\/sitio\/wp-json\/wp\/v2\/tags?post=90233"}],"curies":[{"name":"wp","href":"https:\/\/api.w.org\/{rel}","templated":true}]}}