{"id":90225,"date":"2021-04-02T12:02:27","date_gmt":"2021-04-02T15:02:27","guid":{"rendered":"https:\/\/eldiariodesanpedro.com.ar\/sitio\/?p=90225"},"modified":"2021-04-02T12:02:31","modified_gmt":"2021-04-02T15:02:31","slug":"tres-aprehendidos-por-tenencia-de-estupefacientes-3","status":"publish","type":"post","link":"https:\/\/eldiariodesanpedro.com.ar\/sitio\/tres-aprehendidos-por-tenencia-de-estupefacientes-3\/","title":{"rendered":"Tres aprehendidos por tenencia de estupefacientes"},"content":{"rendered":"<!-- VideographyWP Plugin Message: Automatic video embedding prevented by plugin options. -->\n\n<p>El d\u00eda de ayer, la polic\u00eda de la comisar\u00eda, realiz\u00f3 tres procedimientos, en los cuales se secuestr\u00f3 en poder de masculinos mayores de edad sustancia marihuana \u00ednfimo pesaje.&nbsp;<\/p>\n\n\n\n<p>Se iniciaron actuaciones por el delito de tenencia ilegal de estupefacientes.<\/p>\n","protected":false},"excerpt":{"rendered":"<p>El d\u00eda de ayer, la polic\u00eda de la comisar\u00eda, realiz\u00f3 tres procedimientos, en los cuales se secuestr\u00f3 en poder de masculinos mayores de edad sustancia marihuana \u00ednfimo pesaje.&nbsp; Se iniciaron actuaciones por el delito de tenencia ilegal de estupefacientes.<\/p>\n","protected":false},"author":4,"featured_media":66784,"comment_status":"open","ping_status":"closed","sticky":false,"template":"","format":"standard","meta":{"om_disable_all_campaigns":false,"_jetpack_memberships_contains_paid_content":false,"footnotes":""},"categories":[2,103],"tags":[],"class_list":["post-90225","post","type-post","status-publish","format-standard","has-post-thumbnail","hentry","category-locales","category-policiales-locales"],"aioseo_notices":[],"gutentor_comment":0,"jetpack_featured_media_url":"https:\/\/eldiariodesanpedro.com.ar\/sitio\/wp-content\/uploads\/2020\/01\/detenido-1.jpg","jetpack_shortlink":"https:\/\/wp.me\/p6RhLt-ntf","jetpack_sharing_enabled":true,"_links":{"self":[{"href":"https:\/\/eldiariodesanpedro.com.ar\/sitio\/wp-json\/wp\/v2\/posts\/90225","targetHints":{"allow":["GET"]}}],"collection":[{"href":"https:\/\/eldiariodesanpedro.com.ar\/sitio\/wp-json\/wp\/v2\/posts"}],"about":[{"href":"https:\/\/eldiariodesanpedro.com.ar\/sitio\/wp-json\/wp\/v2\/types\/post"}],"author":[{"embeddable":true,"href":"https:\/\/eldiariodesanpedro.com.ar\/sitio\/wp-json\/wp\/v2\/users\/4"}],"replies":[{"embeddable":true,"href":"https:\/\/eldiariodesanpedro.com.ar\/sitio\/wp-json\/wp\/v2\/comments?post=90225"}],"version-history":[{"count":1,"href":"https:\/\/eldiariodesanpedro.com.ar\/sitio\/wp-json\/wp\/v2\/posts\/90225\/revisions"}],"predecessor-version":[{"id":90226,"href":"https:\/\/eldiariodesanpedro.com.ar\/sitio\/wp-json\/wp\/v2\/posts\/90225\/revisions\/90226"}],"wp:featuredmedia":[{"embeddable":true,"href":"https:\/\/eldiariodesanpedro.com.ar\/sitio\/wp-json\/wp\/v2\/media\/66784"}],"wp:attachment":[{"href":"https:\/\/eldiariodesanpedro.com.ar\/sitio\/wp-json\/wp\/v2\/media?parent=90225"}],"wp:term":[{"taxonomy":"category","embeddable":true,"href":"https:\/\/eldiariodesanpedro.com.ar\/sitio\/wp-json\/wp\/v2\/categories?post=90225"},{"taxonomy":"post_tag","embeddable":true,"href":"https:\/\/eldiariodesanpedro.com.ar\/sitio\/wp-json\/wp\/v2\/tags?post=90225"}],"curies":[{"name":"wp","href":"https:\/\/api.w.org\/{rel}","templated":true}]}}