{"id":9021,"date":"2016-10-19T20:21:04","date_gmt":"2016-10-19T23:21:04","guid":{"rendered":"https:\/\/eldiariodesanpedro.com.ar\/sitio\/?p=9021"},"modified":"2016-10-19T20:21:04","modified_gmt":"2016-10-19T23:21:04","slug":"violenta-entradera-a-una-familia-en-baradero","status":"publish","type":"post","link":"https:\/\/eldiariodesanpedro.com.ar\/sitio\/violenta-entradera-a-una-familia-en-baradero\/","title":{"rendered":"Violenta entradera a una familia en Baradero"},"content":{"rendered":"<p><!-- VideographyWP Plugin Message: Automatic video embedding prevented by plugin options. --><br \/>\nEn la tarde del martes, ocurri\u00f3 un robo comando en una vivienda donde varios hombres de entre 25 y 30 a\u00f1os primero redujeron a alba\u00f1iles que trabajaban en una obra en construcci\u00f3n. Los dos hombres fueron maniatados con alambre y encerrados en un ba\u00f1o, y luego los malvivientes ingresaron a la casa de al lado y mediante amenazas con armas de fuego obligaron a los moradores a permanecer quietos mientras revolv\u00edan y cargaban diferentes elementos de la familia en el auto en que se trasladaban.<\/p>\n<p>Se llevaron celulares, notebook, joyas y dinero en efectivo. Por las caracter\u00edsticas del hecho y lo robado, se estima que los delincuentes manejaban un dato err\u00f3neo del posible bot\u00edn.<\/p>\n<p>La familia vivi\u00f3 momentos muy dif\u00edciles, ya que si bien no fueron agredidos f\u00edsicamente los amenazaron reiteradamente con armas, tanto al matrimonio como a las hijas. (Fuente: Baradero te informa)<\/p>\n","protected":false},"excerpt":{"rendered":"<p>En la tarde del martes, ocurri\u00f3 un robo comando en una vivienda donde varios hombres de entre 25 y 30 a\u00f1os primero redujeron a alba\u00f1iles que trabajaban en una obra en construcci\u00f3n. Los dos hombres fueron maniatados con alambre y encerrados en un ba\u00f1o, y luego los malvivientes ingresaron a la casa de al lado [&hellip;]<\/p>\n","protected":false},"author":4,"featured_media":9022,"comment_status":"open","ping_status":"closed","sticky":false,"template":"","format":"standard","meta":{"om_disable_all_campaigns":false,"_jetpack_memberships_contains_paid_content":false,"footnotes":""},"categories":[621],"tags":[],"class_list":["post-9021","post","type-post","status-publish","format-standard","has-post-thumbnail","hentry","category-regionales"],"aioseo_notices":[],"gutentor_comment":0,"jetpack_featured_media_url":"https:\/\/eldiariodesanpedro.com.ar\/sitio\/wp-content\/uploads\/2016\/10\/PAGINA-6-12.jpg","jetpack_shortlink":"https:\/\/wp.me\/p6RhLt-2lv","jetpack_sharing_enabled":true,"_links":{"self":[{"href":"https:\/\/eldiariodesanpedro.com.ar\/sitio\/wp-json\/wp\/v2\/posts\/9021","targetHints":{"allow":["GET"]}}],"collection":[{"href":"https:\/\/eldiariodesanpedro.com.ar\/sitio\/wp-json\/wp\/v2\/posts"}],"about":[{"href":"https:\/\/eldiariodesanpedro.com.ar\/sitio\/wp-json\/wp\/v2\/types\/post"}],"author":[{"embeddable":true,"href":"https:\/\/eldiariodesanpedro.com.ar\/sitio\/wp-json\/wp\/v2\/users\/4"}],"replies":[{"embeddable":true,"href":"https:\/\/eldiariodesanpedro.com.ar\/sitio\/wp-json\/wp\/v2\/comments?post=9021"}],"version-history":[{"count":1,"href":"https:\/\/eldiariodesanpedro.com.ar\/sitio\/wp-json\/wp\/v2\/posts\/9021\/revisions"}],"predecessor-version":[{"id":9023,"href":"https:\/\/eldiariodesanpedro.com.ar\/sitio\/wp-json\/wp\/v2\/posts\/9021\/revisions\/9023"}],"wp:featuredmedia":[{"embeddable":true,"href":"https:\/\/eldiariodesanpedro.com.ar\/sitio\/wp-json\/wp\/v2\/media\/9022"}],"wp:attachment":[{"href":"https:\/\/eldiariodesanpedro.com.ar\/sitio\/wp-json\/wp\/v2\/media?parent=9021"}],"wp:term":[{"taxonomy":"category","embeddable":true,"href":"https:\/\/eldiariodesanpedro.com.ar\/sitio\/wp-json\/wp\/v2\/categories?post=9021"},{"taxonomy":"post_tag","embeddable":true,"href":"https:\/\/eldiariodesanpedro.com.ar\/sitio\/wp-json\/wp\/v2\/tags?post=9021"}],"curies":[{"name":"wp","href":"https:\/\/api.w.org\/{rel}","templated":true}]}}