{"id":90208,"date":"2021-04-01T12:36:09","date_gmt":"2021-04-01T15:36:09","guid":{"rendered":"https:\/\/eldiariodesanpedro.com.ar\/sitio\/?p=90208"},"modified":"2021-04-01T12:36:13","modified_gmt":"2021-04-01T15:36:13","slug":"san-nicolas-uno-golpeo-a-sus-hermanos-otro-pateo-en-la-cabeza-a-su-padre","status":"publish","type":"post","link":"https:\/\/eldiariodesanpedro.com.ar\/sitio\/san-nicolas-uno-golpeo-a-sus-hermanos-otro-pateo-en-la-cabeza-a-su-padre\/","title":{"rendered":"SAN NICOL\u00c1S | Uno golpe\u00f3 a sus hermanos, otro pate\u00f3 en la cabeza a su padre"},"content":{"rendered":"<!-- VideographyWP Plugin Message: Automatic video embedding prevented by plugin options. -->\n\n<p><strong>Como consigna de forma diaria nuestro medio, se siguen repitiendo los hechos de violencia familiar y de g\u00e9nero que requieren de la intervenci\u00f3n de las fuerzas de seguridad. Desde un hombre que golpe\u00f3 a sus hermanos hasta un&nbsp; joven que pate\u00f3 en la cabeza a su padre, la polic\u00eda debi\u00f3 actuar para evitar mayores complicaciones.<\/strong><\/p>\n\n\n\n<p>Personal del Comando de Patrullas en calle Rodr\u00edguez al 1100 aproximadamente procedieron a la aprehensi\u00f3n de un joven de 25 a\u00f1os, quien momentos antes hab\u00eda agredido a golpes de pu\u00f1o a su hermano de 21 a\u00f1os y su hermana de 19 a\u00f1os. Las victimas fueron trasladadas a Comisar\u00eda de la Mujer y la Familia San Nicol\u00e1s. El m\u00e9dico de Polic\u00eda dictamin\u00f3 lesiones de car\u00e1cter leves. La Dra. Franca Padulo titular de la UFI Nro. 2 dispuso se inicien actuaciones por lesiones leves agravadas.<\/p>\n\n\n\n<h3 class=\"wp-block-heading\"><strong>Patada<\/strong><\/h3>\n\n\n\n<p>En calle Pedro Goitia al 900 agentes del orden procedieron a la aprehensi\u00f3n de un joven de 19 a\u00f1os, quien minutos antes de la presencia de las fuerzas policiales, agredi\u00f3 de una patada en la cabeza a su progenitor de 46 a\u00f1os produci\u00e9ndole un severo corte en la sien. Se iniciaron actuaciones por lesiones leves agravadas.<\/p>\n\n\n\n<p>Fuente: <a href=\"https:\/\/diarioelnorte.com.ar\/uno-golpeo-a-sus-hermanos-otro-pateo-en-la-cabeza-a-su-padre\/\">Diario EL Norte<\/a><\/p>\n","protected":false},"excerpt":{"rendered":"<p>Como consigna de forma diaria nuestro medio, se siguen repitiendo los hechos de violencia familiar y de g\u00e9nero que requieren de la intervenci\u00f3n de las fuerzas de seguridad. Desde un hombre que golpe\u00f3 a sus hermanos hasta un&nbsp; joven que pate\u00f3 en la cabeza a su padre, la polic\u00eda debi\u00f3 actuar para evitar mayores complicaciones. [&hellip;]<\/p>\n","protected":false},"author":4,"featured_media":90209,"comment_status":"open","ping_status":"closed","sticky":false,"template":"","format":"standard","meta":{"om_disable_all_campaigns":false,"_jetpack_memberships_contains_paid_content":false,"footnotes":""},"categories":[621],"tags":[],"class_list":["post-90208","post","type-post","status-publish","format-standard","has-post-thumbnail","hentry","category-regionales"],"aioseo_notices":[],"gutentor_comment":0,"jetpack_featured_media_url":"https:\/\/eldiariodesanpedro.com.ar\/sitio\/wp-content\/uploads\/2021\/04\/8-violencia-2x8-1.jpg","jetpack_shortlink":"https:\/\/wp.me\/p6RhLt-nsY","jetpack_sharing_enabled":true,"_links":{"self":[{"href":"https:\/\/eldiariodesanpedro.com.ar\/sitio\/wp-json\/wp\/v2\/posts\/90208","targetHints":{"allow":["GET"]}}],"collection":[{"href":"https:\/\/eldiariodesanpedro.com.ar\/sitio\/wp-json\/wp\/v2\/posts"}],"about":[{"href":"https:\/\/eldiariodesanpedro.com.ar\/sitio\/wp-json\/wp\/v2\/types\/post"}],"author":[{"embeddable":true,"href":"https:\/\/eldiariodesanpedro.com.ar\/sitio\/wp-json\/wp\/v2\/users\/4"}],"replies":[{"embeddable":true,"href":"https:\/\/eldiariodesanpedro.com.ar\/sitio\/wp-json\/wp\/v2\/comments?post=90208"}],"version-history":[{"count":1,"href":"https:\/\/eldiariodesanpedro.com.ar\/sitio\/wp-json\/wp\/v2\/posts\/90208\/revisions"}],"predecessor-version":[{"id":90210,"href":"https:\/\/eldiariodesanpedro.com.ar\/sitio\/wp-json\/wp\/v2\/posts\/90208\/revisions\/90210"}],"wp:featuredmedia":[{"embeddable":true,"href":"https:\/\/eldiariodesanpedro.com.ar\/sitio\/wp-json\/wp\/v2\/media\/90209"}],"wp:attachment":[{"href":"https:\/\/eldiariodesanpedro.com.ar\/sitio\/wp-json\/wp\/v2\/media?parent=90208"}],"wp:term":[{"taxonomy":"category","embeddable":true,"href":"https:\/\/eldiariodesanpedro.com.ar\/sitio\/wp-json\/wp\/v2\/categories?post=90208"},{"taxonomy":"post_tag","embeddable":true,"href":"https:\/\/eldiariodesanpedro.com.ar\/sitio\/wp-json\/wp\/v2\/tags?post=90208"}],"curies":[{"name":"wp","href":"https:\/\/api.w.org\/{rel}","templated":true}]}}