{"id":9018,"date":"2016-10-19T20:14:51","date_gmt":"2016-10-19T23:14:51","guid":{"rendered":"https:\/\/eldiariodesanpedro.com.ar\/sitio\/?p=9018"},"modified":"2016-10-19T20:14:51","modified_gmt":"2016-10-19T23:14:51","slug":"un-auto-se-incendio-en-la-ruta-1001","status":"publish","type":"post","link":"https:\/\/eldiariodesanpedro.com.ar\/sitio\/un-auto-se-incendio-en-la-ruta-1001\/","title":{"rendered":"Un auto se Incendi\u00f3 en la Ruta 1001"},"content":{"rendered":"<p><!-- VideographyWP Plugin Message: Automatic video embedding prevented by plugin options. --><br \/>\nEl siniestro tuvo lugar ayer por la tarde en cercan\u00edas al Maxiconsumo. All\u00ed un autom\u00f3vil Vw Fox color gris, propiedad del Dr. Sergio Su\u00e1rez, sufri\u00f3 un incendio en el habit\u00e1culo del motor.<br \/>\n\u201cComenz\u00f3 a salir humo, me estacione en la banquina, lo prend\u00ed sent\u00ed una explosi\u00f3n y cuando abr\u00ed el capot sal\u00eda fuego. Le vaci\u00e9 el extinguidor y no pude apagarlo\u201d, coment\u00f3 en el lugar Su\u00e1rez.<br \/>\nUna dotaci\u00f3n del cuerpo de bomberos Voluntarios, a cargo del oficial Rom\u00e1n Montenegro, debi\u00f3 sofocar las llamas del rodado que sufri\u00f3 serios da\u00f1os en la zona delantera.<\/p>\n","protected":false},"excerpt":{"rendered":"<p>El siniestro tuvo lugar ayer por la tarde en cercan\u00edas al Maxiconsumo. All\u00ed un autom\u00f3vil Vw Fox color gris, propiedad del Dr. Sergio Su\u00e1rez, sufri\u00f3 un incendio en el habit\u00e1culo del motor. \u201cComenz\u00f3 a salir humo, me estacione en la banquina, lo prend\u00ed sent\u00ed una explosi\u00f3n y cuando abr\u00ed el capot sal\u00eda fuego. Le vaci\u00e9 [&hellip;]<\/p>\n","protected":false},"author":4,"featured_media":9019,"comment_status":"open","ping_status":"closed","sticky":false,"template":"","format":"standard","meta":{"om_disable_all_campaigns":false,"_jetpack_memberships_contains_paid_content":false,"footnotes":""},"categories":[50,2,103],"tags":[],"class_list":["post-9018","post","type-post","status-publish","format-standard","has-post-thumbnail","hentry","category-destacadas","category-locales","category-policiales-locales"],"aioseo_notices":[],"gutentor_comment":0,"jetpack_featured_media_url":"https:\/\/eldiariodesanpedro.com.ar\/sitio\/wp-content\/uploads\/2016\/10\/bomberos-sofocando-incendio-auto.jpg","jetpack_shortlink":"https:\/\/wp.me\/p6RhLt-2ls","jetpack_sharing_enabled":true,"_links":{"self":[{"href":"https:\/\/eldiariodesanpedro.com.ar\/sitio\/wp-json\/wp\/v2\/posts\/9018","targetHints":{"allow":["GET"]}}],"collection":[{"href":"https:\/\/eldiariodesanpedro.com.ar\/sitio\/wp-json\/wp\/v2\/posts"}],"about":[{"href":"https:\/\/eldiariodesanpedro.com.ar\/sitio\/wp-json\/wp\/v2\/types\/post"}],"author":[{"embeddable":true,"href":"https:\/\/eldiariodesanpedro.com.ar\/sitio\/wp-json\/wp\/v2\/users\/4"}],"replies":[{"embeddable":true,"href":"https:\/\/eldiariodesanpedro.com.ar\/sitio\/wp-json\/wp\/v2\/comments?post=9018"}],"version-history":[{"count":1,"href":"https:\/\/eldiariodesanpedro.com.ar\/sitio\/wp-json\/wp\/v2\/posts\/9018\/revisions"}],"predecessor-version":[{"id":9020,"href":"https:\/\/eldiariodesanpedro.com.ar\/sitio\/wp-json\/wp\/v2\/posts\/9018\/revisions\/9020"}],"wp:featuredmedia":[{"embeddable":true,"href":"https:\/\/eldiariodesanpedro.com.ar\/sitio\/wp-json\/wp\/v2\/media\/9019"}],"wp:attachment":[{"href":"https:\/\/eldiariodesanpedro.com.ar\/sitio\/wp-json\/wp\/v2\/media?parent=9018"}],"wp:term":[{"taxonomy":"category","embeddable":true,"href":"https:\/\/eldiariodesanpedro.com.ar\/sitio\/wp-json\/wp\/v2\/categories?post=9018"},{"taxonomy":"post_tag","embeddable":true,"href":"https:\/\/eldiariodesanpedro.com.ar\/sitio\/wp-json\/wp\/v2\/tags?post=9018"}],"curies":[{"name":"wp","href":"https:\/\/api.w.org\/{rel}","templated":true}]}}