{"id":90175,"date":"2021-03-31T20:08:47","date_gmt":"2021-03-31T23:08:47","guid":{"rendered":"https:\/\/eldiariodesanpedro.com.ar\/sitio\/?p=90175"},"modified":"2021-03-31T20:08:51","modified_gmt":"2021-03-31T23:08:51","slug":"zarate-juan-bautista-consiguio-los-implantes-y-avanza-a-poder-escuchar","status":"publish","type":"post","link":"https:\/\/eldiariodesanpedro.com.ar\/sitio\/zarate-juan-bautista-consiguio-los-implantes-y-avanza-a-poder-escuchar\/","title":{"rendered":"Z\u00c1RATE | Juan Bautista consigui\u00f3 los implantes y avanza a poder escuchar"},"content":{"rendered":"<!-- VideographyWP Plugin Message: Automatic video embedding prevented by plugin options. -->\n\n<h4 class=\"wp-block-heading\">Adem\u00e1s se logr\u00f3 reunir las 30.000 firmas en change.org para que IOMA se haga cargo de los implantes que recibi\u00f3 con \u00e9xito.<\/h4>\n\n\n\n<p>Recordemos\u200b que a principio de a\u00f1o se hab\u00eda compartido un pedido solidario para Juan de 4 a\u00f1os, quien naci\u00f3 con HIPOACUSIA NEUROSENSORIAL BILATERAL PROFUNDA y la Obra social IOMA llevaba m\u00e1s de 2 a\u00f1os sin responder para que le den sus implantes cocleares, por lo que sus padres hab\u00edan iniciado una campa\u00f1a solidaria para que llegue el pedido a quien corresponda cu\u00e1nto antes.<\/p>\n\n\n\n<p>Hoy, luego de la difusi\u00f3n en redes y la junta de firmas change.org (mas de 30.000 firmas) lleg\u00f3 el mensaje de agradecimiento de su madre, \u201cescrib\u00eda para agradecerles a TOD@S los que compartieron mi pedido, a los que firmaron en change.org (logramos juntar mas de 30.000 firmas).a los que nos apoyaron en todo momento, quer\u00edamos compartir con ustedes que el pasado martes 16\/03 Juan Bautista fue finalmente implantado(implantes cocleares), despu\u00e9s de una ardua pelea hacia IOMA nuestro pr\u00edncipe va camino al tan deseado mundo de los sonidos, no ser\u00e1 una tarea f\u00e1cil, porque es una nueva etapa important\u00edsima para nosotros pero con amor y perseverancia pronto veremos los resultados!<\/p>\n\n\n\n<p>Fuente: <a href=\"https:\/\/infozc.com\/2021\/03\/31\/juan-bautista-consiguio-los-implantes-y-avanza-a-poder-escuchar\/\">InfoZC<\/a><\/p>\n","protected":false},"excerpt":{"rendered":"<p>Adem\u00e1s se logr\u00f3 reunir las 30.000 firmas en change.org para que IOMA se haga cargo de los implantes que recibi\u00f3 con \u00e9xito. Recordemos\u200b que a principio de a\u00f1o se hab\u00eda compartido un pedido solidario para Juan de 4 a\u00f1os, quien naci\u00f3 con HIPOACUSIA NEUROSENSORIAL BILATERAL PROFUNDA y la Obra social IOMA llevaba m\u00e1s de 2 [&hellip;]<\/p>\n","protected":false},"author":4,"featured_media":90176,"comment_status":"open","ping_status":"closed","sticky":false,"template":"","format":"standard","meta":{"om_disable_all_campaigns":false,"_jetpack_memberships_contains_paid_content":false,"footnotes":""},"categories":[621],"tags":[],"class_list":["post-90175","post","type-post","status-publish","format-standard","has-post-thumbnail","hentry","category-regionales"],"aioseo_notices":[],"gutentor_comment":0,"jetpack_featured_media_url":"https:\/\/eldiariodesanpedro.com.ar\/sitio\/wp-content\/uploads\/2021\/03\/2afc1729-ba37-49b7-b153-7b675cb209d9.jpg","jetpack_shortlink":"https:\/\/wp.me\/p6RhLt-nsr","jetpack_sharing_enabled":true,"_links":{"self":[{"href":"https:\/\/eldiariodesanpedro.com.ar\/sitio\/wp-json\/wp\/v2\/posts\/90175","targetHints":{"allow":["GET"]}}],"collection":[{"href":"https:\/\/eldiariodesanpedro.com.ar\/sitio\/wp-json\/wp\/v2\/posts"}],"about":[{"href":"https:\/\/eldiariodesanpedro.com.ar\/sitio\/wp-json\/wp\/v2\/types\/post"}],"author":[{"embeddable":true,"href":"https:\/\/eldiariodesanpedro.com.ar\/sitio\/wp-json\/wp\/v2\/users\/4"}],"replies":[{"embeddable":true,"href":"https:\/\/eldiariodesanpedro.com.ar\/sitio\/wp-json\/wp\/v2\/comments?post=90175"}],"version-history":[{"count":1,"href":"https:\/\/eldiariodesanpedro.com.ar\/sitio\/wp-json\/wp\/v2\/posts\/90175\/revisions"}],"predecessor-version":[{"id":90177,"href":"https:\/\/eldiariodesanpedro.com.ar\/sitio\/wp-json\/wp\/v2\/posts\/90175\/revisions\/90177"}],"wp:featuredmedia":[{"embeddable":true,"href":"https:\/\/eldiariodesanpedro.com.ar\/sitio\/wp-json\/wp\/v2\/media\/90176"}],"wp:attachment":[{"href":"https:\/\/eldiariodesanpedro.com.ar\/sitio\/wp-json\/wp\/v2\/media?parent=90175"}],"wp:term":[{"taxonomy":"category","embeddable":true,"href":"https:\/\/eldiariodesanpedro.com.ar\/sitio\/wp-json\/wp\/v2\/categories?post=90175"},{"taxonomy":"post_tag","embeddable":true,"href":"https:\/\/eldiariodesanpedro.com.ar\/sitio\/wp-json\/wp\/v2\/tags?post=90175"}],"curies":[{"name":"wp","href":"https:\/\/api.w.org\/{rel}","templated":true}]}}