{"id":90169,"date":"2021-03-31T19:57:00","date_gmt":"2021-03-31T22:57:00","guid":{"rendered":"https:\/\/eldiariodesanpedro.com.ar\/sitio\/?p=90169"},"modified":"2021-03-31T19:57:04","modified_gmt":"2021-03-31T22:57:04","slug":"baradero-empleado-municipal-encontro-una-yarara","status":"publish","type":"post","link":"https:\/\/eldiariodesanpedro.com.ar\/sitio\/baradero-empleado-municipal-encontro-una-yarara\/","title":{"rendered":"BARADERO | Empleado municipal encontr\u00f3 una yarar\u00e1"},"content":{"rendered":"<!-- VideographyWP Plugin Message: Automatic video embedding prevented by plugin options. -->\n\n<p>Enrique fue quien la encontr\u00f3 esta ma\u00f1ana mientras estaba cortando el pasto en proximidades a la Rotonda.<\/p>\n\n\n\n<p>\u201cEnseguida tir\u00f3 para picarme pero no lleg\u00f3 a hacerlo porque justo hab\u00eda cazado un rat\u00f3n\u201d, coment\u00f3 Enrique.<\/p>\n\n\n\n<p>Adem\u00e1s, aludi\u00f3 que en su trabajo cuenta solamente con botas protectoras.<\/p>\n\n\n\n<p>Fuente: Tu Linea Directa<\/p>\n","protected":false},"excerpt":{"rendered":"<p>Enrique fue quien la encontr\u00f3 esta ma\u00f1ana mientras estaba cortando el pasto en proximidades a la Rotonda. \u201cEnseguida tir\u00f3 para picarme pero no lleg\u00f3 a hacerlo porque justo hab\u00eda cazado un rat\u00f3n\u201d, coment\u00f3 Enrique. Adem\u00e1s, aludi\u00f3 que en su trabajo cuenta solamente con botas protectoras. Fuente: Tu Linea Directa<\/p>\n","protected":false},"author":4,"featured_media":90170,"comment_status":"open","ping_status":"closed","sticky":false,"template":"","format":"standard","meta":{"om_disable_all_campaigns":false,"_jetpack_memberships_contains_paid_content":false,"footnotes":""},"categories":[621],"tags":[],"class_list":["post-90169","post","type-post","status-publish","format-standard","has-post-thumbnail","hentry","category-regionales"],"aioseo_notices":[],"gutentor_comment":0,"jetpack_featured_media_url":"https:\/\/eldiariodesanpedro.com.ar\/sitio\/wp-content\/uploads\/2021\/03\/167037524_2561211290855299_3541358221825769095_n.jpg","jetpack_shortlink":"https:\/\/wp.me\/p6RhLt-nsl","jetpack_sharing_enabled":true,"_links":{"self":[{"href":"https:\/\/eldiariodesanpedro.com.ar\/sitio\/wp-json\/wp\/v2\/posts\/90169","targetHints":{"allow":["GET"]}}],"collection":[{"href":"https:\/\/eldiariodesanpedro.com.ar\/sitio\/wp-json\/wp\/v2\/posts"}],"about":[{"href":"https:\/\/eldiariodesanpedro.com.ar\/sitio\/wp-json\/wp\/v2\/types\/post"}],"author":[{"embeddable":true,"href":"https:\/\/eldiariodesanpedro.com.ar\/sitio\/wp-json\/wp\/v2\/users\/4"}],"replies":[{"embeddable":true,"href":"https:\/\/eldiariodesanpedro.com.ar\/sitio\/wp-json\/wp\/v2\/comments?post=90169"}],"version-history":[{"count":1,"href":"https:\/\/eldiariodesanpedro.com.ar\/sitio\/wp-json\/wp\/v2\/posts\/90169\/revisions"}],"predecessor-version":[{"id":90171,"href":"https:\/\/eldiariodesanpedro.com.ar\/sitio\/wp-json\/wp\/v2\/posts\/90169\/revisions\/90171"}],"wp:featuredmedia":[{"embeddable":true,"href":"https:\/\/eldiariodesanpedro.com.ar\/sitio\/wp-json\/wp\/v2\/media\/90170"}],"wp:attachment":[{"href":"https:\/\/eldiariodesanpedro.com.ar\/sitio\/wp-json\/wp\/v2\/media?parent=90169"}],"wp:term":[{"taxonomy":"category","embeddable":true,"href":"https:\/\/eldiariodesanpedro.com.ar\/sitio\/wp-json\/wp\/v2\/categories?post=90169"},{"taxonomy":"post_tag","embeddable":true,"href":"https:\/\/eldiariodesanpedro.com.ar\/sitio\/wp-json\/wp\/v2\/tags?post=90169"}],"curies":[{"name":"wp","href":"https:\/\/api.w.org\/{rel}","templated":true}]}}