{"id":90166,"date":"2021-03-31T19:54:50","date_gmt":"2021-03-31T22:54:50","guid":{"rendered":"https:\/\/eldiariodesanpedro.com.ar\/sitio\/?p=90166"},"modified":"2021-03-31T19:54:55","modified_gmt":"2021-03-31T22:54:55","slug":"baradero-un-caballo-embistio-un-auto-y-no-fue-una-tragedia-de-milagro","status":"publish","type":"post","link":"https:\/\/eldiariodesanpedro.com.ar\/sitio\/baradero-un-caballo-embistio-un-auto-y-no-fue-una-tragedia-de-milagro\/","title":{"rendered":"BARADERO | Un caballo embisti\u00f3 un auto y no fue una tragedia de milagro"},"content":{"rendered":"<!-- VideographyWP Plugin Message: Automatic video embedding prevented by plugin options. -->\n\n<p>El siniestro ocurri\u00f3 cerca de las 18:30 Hs. de la tarde de ayer, cuando un caballo embisti\u00f3 a un autom\u00f3vil en las esquinas de Cossi y Pedro Alonso.<\/p>\n\n\n\n<p>El caballo era guiado por un joven, que seg\u00fan testigos venia de varias cuadras con mucha velocidad, transitaba por Alfredo Cossi, continuaci\u00f3n de Ren\u00e9 Sim\u00f3n y el auto, conducido por otro hombre, hacia lo mismo por Pedro Alonso.<\/p>\n\n\n\n<p>Como podemos apreciar en las im\u00e1genes, el Renault Clio qued\u00f3 con su lateral del lado del conductor pr\u00e1cticamente destruido consecuencia del fuerte impacto lo que hace pensar que podr\u00edan haber ocurrido&nbsp; consecuencias mucho mas graves.<\/p>\n\n\n\n<p>El joven jinete fue trasladado al hospital local con un fuerte golpe en una de sus rodillas y del caballo nada m\u00e1s se supo dado que, quiz\u00e1s por el shock provocado por la colisi\u00f3n, no detuvo su marcha hasta perderse.<\/p>\n\n\n\n<p>Fuente: <a href=\"https:\/\/www.baraderoteinforma.com.ar\/accidente-un-caballo-embistio-un-auto-y-no-fue-una-tragedia-de-milagro\/\">Baradero Te Informa<\/a><\/p>\n","protected":false},"excerpt":{"rendered":"<p>El siniestro ocurri\u00f3 cerca de las 18:30 Hs. de la tarde de ayer, cuando un caballo embisti\u00f3 a un autom\u00f3vil en las esquinas de Cossi y Pedro Alonso. El caballo era guiado por un joven, que seg\u00fan testigos venia de varias cuadras con mucha velocidad, transitaba por Alfredo Cossi, continuaci\u00f3n de Ren\u00e9 Sim\u00f3n y el [&hellip;]<\/p>\n","protected":false},"author":4,"featured_media":90167,"comment_status":"open","ping_status":"closed","sticky":false,"template":"","format":"standard","meta":{"om_disable_all_campaigns":false,"_jetpack_memberships_contains_paid_content":false,"footnotes":""},"categories":[621],"tags":[],"class_list":["post-90166","post","type-post","status-publish","format-standard","has-post-thumbnail","hentry","category-regionales"],"aioseo_notices":[],"gutentor_comment":0,"jetpack_featured_media_url":"https:\/\/eldiariodesanpedro.com.ar\/sitio\/wp-content\/uploads\/2021\/03\/4c0e7d25-2310-4f63-90bd-2cf9f64bc4c4.jpg","jetpack_shortlink":"https:\/\/wp.me\/p6RhLt-nsi","jetpack_sharing_enabled":true,"_links":{"self":[{"href":"https:\/\/eldiariodesanpedro.com.ar\/sitio\/wp-json\/wp\/v2\/posts\/90166","targetHints":{"allow":["GET"]}}],"collection":[{"href":"https:\/\/eldiariodesanpedro.com.ar\/sitio\/wp-json\/wp\/v2\/posts"}],"about":[{"href":"https:\/\/eldiariodesanpedro.com.ar\/sitio\/wp-json\/wp\/v2\/types\/post"}],"author":[{"embeddable":true,"href":"https:\/\/eldiariodesanpedro.com.ar\/sitio\/wp-json\/wp\/v2\/users\/4"}],"replies":[{"embeddable":true,"href":"https:\/\/eldiariodesanpedro.com.ar\/sitio\/wp-json\/wp\/v2\/comments?post=90166"}],"version-history":[{"count":1,"href":"https:\/\/eldiariodesanpedro.com.ar\/sitio\/wp-json\/wp\/v2\/posts\/90166\/revisions"}],"predecessor-version":[{"id":90168,"href":"https:\/\/eldiariodesanpedro.com.ar\/sitio\/wp-json\/wp\/v2\/posts\/90166\/revisions\/90168"}],"wp:featuredmedia":[{"embeddable":true,"href":"https:\/\/eldiariodesanpedro.com.ar\/sitio\/wp-json\/wp\/v2\/media\/90167"}],"wp:attachment":[{"href":"https:\/\/eldiariodesanpedro.com.ar\/sitio\/wp-json\/wp\/v2\/media?parent=90166"}],"wp:term":[{"taxonomy":"category","embeddable":true,"href":"https:\/\/eldiariodesanpedro.com.ar\/sitio\/wp-json\/wp\/v2\/categories?post=90166"},{"taxonomy":"post_tag","embeddable":true,"href":"https:\/\/eldiariodesanpedro.com.ar\/sitio\/wp-json\/wp\/v2\/tags?post=90166"}],"curies":[{"name":"wp","href":"https:\/\/api.w.org\/{rel}","templated":true}]}}