{"id":90163,"date":"2021-03-31T19:48:43","date_gmt":"2021-03-31T22:48:43","guid":{"rendered":"https:\/\/eldiariodesanpedro.com.ar\/sitio\/?p=90163"},"modified":"2021-03-31T19:48:47","modified_gmt":"2021-03-31T22:48:47","slug":"ramallo-arrebeef-acuerdo-y-cuadro-de-situacion","status":"publish","type":"post","link":"https:\/\/eldiariodesanpedro.com.ar\/sitio\/ramallo-arrebeef-acuerdo-y-cuadro-de-situacion\/","title":{"rendered":"RAMALLO | ArreBeef: acuerdo y cuadro de situaci\u00f3n"},"content":{"rendered":"<!-- VideographyWP Plugin Message: Automatic video embedding prevented by plugin options. -->\n\n<p>Este martes se conoci\u00f3 que la planta de ArreBeef en P\u00e9rez Mill\u00e1n vuelve a trabajar y que la empresa pagar\u00e1 la quincena, pero sin 65 trabajadores que fueron despedidos o su situaci\u00f3n est\u00e1 pendiente de la resoluci\u00f3n judicial de las causas que est\u00e1n en curso. Luis P\u00e9rez sigue siendo el Secretario General del gremio de la Carne en la zona norte de la provincia de Buenos Aires, al menos no se inform\u00f3 sobre ning\u00fan cambio. Un aspecto a tener en cuenta: La Federaci\u00f3n Gremial del Personal de la Industria de la Carne y sus Derivados, concluy\u00f3 la revisi\u00f3n salarial acordada oportunamente por el periodo 1 de Mayo de 2020 al 30 de Abril de 2021, tras lograr un acuerdo salarial celebrado con el Centro Empresas Procesadoras Av\u00edcolas (CEPA) que contempla una recomposici\u00f3n salarial del 7% para el mes de Abril para todos los trabajadores comprendidos en el Convenio Colectivo de Trabajo (CCT) 607\/10 y que se suma al 36,4% vigente hasta Marzo de 2021.<\/p>\n\n\n\n<p><strong>Comunicado<\/strong><\/p>\n\n\n\n<p>&nbsp;\u00abLuego de arduas negociaciones en el marco del Ministerio de Trabajo de la Provincia de Buenos Aires, se arrib\u00f3 a la reapertura de la planta, a trav\u00e9s de un sistema de ingresos escalonados hasta llegar a la operatividad total de la planta. El compromiso empresarial sobre el ingreso del personal est\u00e1 dirigido a la plantilla integra de los trabajadores, cerca de mil, con la excepci\u00f3n de 60\/65 trabajadores sobre los que existen causas judiciales que deber\u00e1n seguir su curso legal, sin perjuicio de que seguiremos negociando su reinstalaci\u00f3n\u00bb dice el comunicado que circul\u00f3 por parte de la Federaci\u00f3n de la Carne.&nbsp;<\/p>\n\n\n\n<p>Luego agrega \u00abAdem\u00e1s se consigui\u00f3 el pago de la quincena, el cual se realizara en dos tramos, la primera parte el mi\u00e9rcoles 31 de marzo y el saldo el viernes 9 de abril\u00bb con lo cual garantiza la paz social para aquellas familias que estaban en una situaci\u00f3n muy complicada por estos d\u00edas.&nbsp;<\/p>\n\n\n\n<p>\u00abOtro punto fundamental es el reingreso de camiones jaulas con ganado en pie a partir del lunes 5 de abril, lo que constituye una ayuda esencial para el veloz desarrollo de la apertura total del frigor\u00edfico.- Se tom\u00f3 el compromiso de mantener la paz social y de cumplimentar con lo acordado en la conciliaci\u00f3n laboral obligatoria, del mismo modo que se mantiene abierta y activa la v\u00eda de dialogo entre los representantes de la Federaci\u00f3n Gremial de la Carne y las autoridades de la planta, para ir encauzando en un futuro inmediato las necesidades salariales y laborales de ambas partes\u00bb cierra la informaci\u00f3n que sin embargo deja un espacio abierto para ver que va a pasar con esos trabajadores que est\u00e1n fuera del acuerdo.<\/p>\n\n\n\n<p>Para muchos trabajadores el acuerdo alcanzando con la compa\u00f1\u00eda c\u00e1rnica es una clara derrota y abre interrogantes por situaci\u00f3n judicial de los trabajadores que ahora deber\u00e1n enfrentar causas penales.&nbsp;<\/p>\n\n\n\n<p>Adem\u00e1s el principal problema o la g\u00e9nesis del conflicto sigue latente porque Luis P\u00e9rez, sigue siendo el Secretario General del Gremio de la Carne en el norte de la provincia de Buenos Aires.&nbsp;<\/p>\n\n\n\n<p>A esto hay que sumarle que el comunicado enviado a los trabajadores no habla de mejora salarial al menos por ahora que tambi\u00e9n era otro punto que estaba en el centro de la discusi\u00f3n.&nbsp;<\/p>\n","protected":false},"excerpt":{"rendered":"<p>Este martes se conoci\u00f3 que la planta de ArreBeef en P\u00e9rez Mill\u00e1n vuelve a trabajar y que la empresa pagar\u00e1 la quincena, pero sin 65 trabajadores que fueron despedidos o su situaci\u00f3n est\u00e1 pendiente de la resoluci\u00f3n judicial de las causas que est\u00e1n en curso. Luis P\u00e9rez sigue siendo el Secretario General del gremio de [&hellip;]<\/p>\n","protected":false},"author":4,"featured_media":90164,"comment_status":"open","ping_status":"closed","sticky":false,"template":"","format":"standard","meta":{"om_disable_all_campaigns":false,"_jetpack_memberships_contains_paid_content":false,"footnotes":""},"categories":[621],"tags":[],"class_list":["post-90163","post","type-post","status-publish","format-standard","has-post-thumbnail","hentry","category-regionales"],"aioseo_notices":[],"gutentor_comment":0,"jetpack_featured_media_url":"https:\/\/eldiariodesanpedro.com.ar\/sitio\/wp-content\/uploads\/2021\/03\/resize_1617186679.jpg","jetpack_shortlink":"https:\/\/wp.me\/p6RhLt-nsf","jetpack_sharing_enabled":true,"_links":{"self":[{"href":"https:\/\/eldiariodesanpedro.com.ar\/sitio\/wp-json\/wp\/v2\/posts\/90163","targetHints":{"allow":["GET"]}}],"collection":[{"href":"https:\/\/eldiariodesanpedro.com.ar\/sitio\/wp-json\/wp\/v2\/posts"}],"about":[{"href":"https:\/\/eldiariodesanpedro.com.ar\/sitio\/wp-json\/wp\/v2\/types\/post"}],"author":[{"embeddable":true,"href":"https:\/\/eldiariodesanpedro.com.ar\/sitio\/wp-json\/wp\/v2\/users\/4"}],"replies":[{"embeddable":true,"href":"https:\/\/eldiariodesanpedro.com.ar\/sitio\/wp-json\/wp\/v2\/comments?post=90163"}],"version-history":[{"count":1,"href":"https:\/\/eldiariodesanpedro.com.ar\/sitio\/wp-json\/wp\/v2\/posts\/90163\/revisions"}],"predecessor-version":[{"id":90165,"href":"https:\/\/eldiariodesanpedro.com.ar\/sitio\/wp-json\/wp\/v2\/posts\/90163\/revisions\/90165"}],"wp:featuredmedia":[{"embeddable":true,"href":"https:\/\/eldiariodesanpedro.com.ar\/sitio\/wp-json\/wp\/v2\/media\/90164"}],"wp:attachment":[{"href":"https:\/\/eldiariodesanpedro.com.ar\/sitio\/wp-json\/wp\/v2\/media?parent=90163"}],"wp:term":[{"taxonomy":"category","embeddable":true,"href":"https:\/\/eldiariodesanpedro.com.ar\/sitio\/wp-json\/wp\/v2\/categories?post=90163"},{"taxonomy":"post_tag","embeddable":true,"href":"https:\/\/eldiariodesanpedro.com.ar\/sitio\/wp-json\/wp\/v2\/tags?post=90163"}],"curies":[{"name":"wp","href":"https:\/\/api.w.org\/{rel}","templated":true}]}}