{"id":90160,"date":"2021-03-31T19:42:09","date_gmt":"2021-03-31T22:42:09","guid":{"rendered":"https:\/\/eldiariodesanpedro.com.ar\/sitio\/?p=90160"},"modified":"2021-03-31T19:42:13","modified_gmt":"2021-03-31T22:42:13","slug":"los-consultorios-amarillos-de-covid-trabajaran-jueves-viernes-y-sabado","status":"publish","type":"post","link":"https:\/\/eldiariodesanpedro.com.ar\/sitio\/los-consultorios-amarillos-de-covid-trabajaran-jueves-viernes-y-sabado\/","title":{"rendered":"Los consultorios amarillos de covid trabajaran jueves, viernes y s\u00e1bado"},"content":{"rendered":"<!-- VideographyWP Plugin Message: Automatic video embedding prevented by plugin options. -->\n\n<p>La Secretar\u00eda de Salud de la Municipalidad de San Pedro informa que durante los pr\u00f3ximos d\u00edas seguir\u00e1n funcionando los consultorios amarillos para recibir consultas y practicar los hisopados que se consideren necesarios. El horario ser\u00e1 jueves, viernes y s\u00e1bado de 8 a 12 hs.<\/p>\n","protected":false},"excerpt":{"rendered":"<p>La Secretar\u00eda de Salud de la Municipalidad de San Pedro informa que durante los pr\u00f3ximos d\u00edas seguir\u00e1n funcionando los consultorios amarillos para recibir consultas y practicar los hisopados que se consideren necesarios. El horario ser\u00e1 jueves, viernes y s\u00e1bado de 8 a 12 hs.<\/p>\n","protected":false},"author":4,"featured_media":84489,"comment_status":"open","ping_status":"closed","sticky":false,"template":"","format":"standard","meta":{"om_disable_all_campaigns":false,"_jetpack_memberships_contains_paid_content":false,"footnotes":""},"categories":[50,101,2],"tags":[],"class_list":["post-90160","post","type-post","status-publish","format-standard","has-post-thumbnail","hentry","category-destacadas","category-interes-general-locales","category-locales"],"aioseo_notices":[],"gutentor_comment":0,"jetpack_featured_media_url":"https:\/\/eldiariodesanpedro.com.ar\/sitio\/wp-content\/uploads\/2020\/12\/131459180_145532590354138_4158370812480102107_n.jpg","jetpack_shortlink":"https:\/\/wp.me\/p6RhLt-nsc","jetpack_sharing_enabled":true,"_links":{"self":[{"href":"https:\/\/eldiariodesanpedro.com.ar\/sitio\/wp-json\/wp\/v2\/posts\/90160","targetHints":{"allow":["GET"]}}],"collection":[{"href":"https:\/\/eldiariodesanpedro.com.ar\/sitio\/wp-json\/wp\/v2\/posts"}],"about":[{"href":"https:\/\/eldiariodesanpedro.com.ar\/sitio\/wp-json\/wp\/v2\/types\/post"}],"author":[{"embeddable":true,"href":"https:\/\/eldiariodesanpedro.com.ar\/sitio\/wp-json\/wp\/v2\/users\/4"}],"replies":[{"embeddable":true,"href":"https:\/\/eldiariodesanpedro.com.ar\/sitio\/wp-json\/wp\/v2\/comments?post=90160"}],"version-history":[{"count":1,"href":"https:\/\/eldiariodesanpedro.com.ar\/sitio\/wp-json\/wp\/v2\/posts\/90160\/revisions"}],"predecessor-version":[{"id":90161,"href":"https:\/\/eldiariodesanpedro.com.ar\/sitio\/wp-json\/wp\/v2\/posts\/90160\/revisions\/90161"}],"wp:featuredmedia":[{"embeddable":true,"href":"https:\/\/eldiariodesanpedro.com.ar\/sitio\/wp-json\/wp\/v2\/media\/84489"}],"wp:attachment":[{"href":"https:\/\/eldiariodesanpedro.com.ar\/sitio\/wp-json\/wp\/v2\/media?parent=90160"}],"wp:term":[{"taxonomy":"category","embeddable":true,"href":"https:\/\/eldiariodesanpedro.com.ar\/sitio\/wp-json\/wp\/v2\/categories?post=90160"},{"taxonomy":"post_tag","embeddable":true,"href":"https:\/\/eldiariodesanpedro.com.ar\/sitio\/wp-json\/wp\/v2\/tags?post=90160"}],"curies":[{"name":"wp","href":"https:\/\/api.w.org\/{rel}","templated":true}]}}