{"id":9015,"date":"2016-10-19T19:00:44","date_gmt":"2016-10-19T22:00:44","guid":{"rendered":"https:\/\/eldiariodesanpedro.com.ar\/sitio\/?p=9015"},"modified":"2016-10-19T19:00:44","modified_gmt":"2016-10-19T22:00:44","slug":"mas-motos-secuestradas","status":"publish","type":"post","link":"https:\/\/eldiariodesanpedro.com.ar\/sitio\/mas-motos-secuestradas\/","title":{"rendered":"M\u00e1s motos secuestradas"},"content":{"rendered":"<p><!-- VideographyWP Plugin Message: Automatic video embedding prevented by plugin options. --><br \/>\nPersonal del \u00e1rea que dirige \u00c1ngel Burgos cumpli\u00f3 con una nueva serie de operativos de tr\u00e1nsito. En esta oportunidad, secuestraron 29 motocicletas. Sus conductores circulaban sin el casco obligatorio o la documentaci\u00f3n necesaria. Se suman a las 15 que fueron retenidas d\u00edas atr\u00e1s.<\/p>\n","protected":false},"excerpt":{"rendered":"<p>Personal del \u00e1rea que dirige \u00c1ngel Burgos cumpli\u00f3 con una nueva serie de operativos de tr\u00e1nsito. En esta oportunidad, secuestraron 29 motocicletas. Sus conductores circulaban sin el casco obligatorio o la documentaci\u00f3n necesaria. Se suman a las 15 que fueron retenidas d\u00edas atr\u00e1s.<\/p>\n","protected":false},"author":4,"featured_media":9016,"comment_status":"open","ping_status":"closed","sticky":false,"template":"","format":"standard","meta":{"om_disable_all_campaigns":false,"_jetpack_memberships_contains_paid_content":false,"footnotes":""},"categories":[50,101,2],"tags":[],"class_list":["post-9015","post","type-post","status-publish","format-standard","has-post-thumbnail","hentry","category-destacadas","category-interes-general-locales","category-locales"],"aioseo_notices":[],"gutentor_comment":0,"jetpack_featured_media_url":"https:\/\/eldiariodesanpedro.com.ar\/sitio\/wp-content\/uploads\/2016\/10\/DSC_0004-e1476914428846.jpg","jetpack_shortlink":"https:\/\/wp.me\/p6RhLt-2lp","jetpack_sharing_enabled":true,"_links":{"self":[{"href":"https:\/\/eldiariodesanpedro.com.ar\/sitio\/wp-json\/wp\/v2\/posts\/9015","targetHints":{"allow":["GET"]}}],"collection":[{"href":"https:\/\/eldiariodesanpedro.com.ar\/sitio\/wp-json\/wp\/v2\/posts"}],"about":[{"href":"https:\/\/eldiariodesanpedro.com.ar\/sitio\/wp-json\/wp\/v2\/types\/post"}],"author":[{"embeddable":true,"href":"https:\/\/eldiariodesanpedro.com.ar\/sitio\/wp-json\/wp\/v2\/users\/4"}],"replies":[{"embeddable":true,"href":"https:\/\/eldiariodesanpedro.com.ar\/sitio\/wp-json\/wp\/v2\/comments?post=9015"}],"version-history":[{"count":1,"href":"https:\/\/eldiariodesanpedro.com.ar\/sitio\/wp-json\/wp\/v2\/posts\/9015\/revisions"}],"predecessor-version":[{"id":9017,"href":"https:\/\/eldiariodesanpedro.com.ar\/sitio\/wp-json\/wp\/v2\/posts\/9015\/revisions\/9017"}],"wp:featuredmedia":[{"embeddable":true,"href":"https:\/\/eldiariodesanpedro.com.ar\/sitio\/wp-json\/wp\/v2\/media\/9016"}],"wp:attachment":[{"href":"https:\/\/eldiariodesanpedro.com.ar\/sitio\/wp-json\/wp\/v2\/media?parent=9015"}],"wp:term":[{"taxonomy":"category","embeddable":true,"href":"https:\/\/eldiariodesanpedro.com.ar\/sitio\/wp-json\/wp\/v2\/categories?post=9015"},{"taxonomy":"post_tag","embeddable":true,"href":"https:\/\/eldiariodesanpedro.com.ar\/sitio\/wp-json\/wp\/v2\/tags?post=9015"}],"curies":[{"name":"wp","href":"https:\/\/api.w.org\/{rel}","templated":true}]}}