{"id":90144,"date":"2021-03-31T17:46:18","date_gmt":"2021-03-31T20:46:18","guid":{"rendered":"https:\/\/eldiariodesanpedro.com.ar\/sitio\/?p=90144"},"modified":"2021-03-31T17:46:22","modified_gmt":"2021-03-31T20:46:22","slug":"fue-identificado-el-hombre-que-se-arrojo-de-un-puente-en-la-ruta-nacional-9","status":"publish","type":"post","link":"https:\/\/eldiariodesanpedro.com.ar\/sitio\/fue-identificado-el-hombre-que-se-arrojo-de-un-puente-en-la-ruta-nacional-9\/","title":{"rendered":"Fue identificado el hombre que se arrojo de un puente en la ruta nacional 9"},"content":{"rendered":"<!-- VideographyWP Plugin Message: Automatic video embedding prevented by plugin options. -->\n\n<p>En las primeras horas de este mi\u00e9rcoles un hombre se hab\u00eda intentado quitar la vida arroj\u00e1ndose de un puente en la ruta nacional 9 y tras ser asistido por una ambulancia horas despu\u00e9s falleci\u00f3, hasta ese momento no hab\u00eda sido identificado por los efectivos policiales, fue reci\u00e9n horas mas tarde que la polic\u00eda logro averiguar de quien se trataba.<\/p>\n\n\n\n<p>El hombre se trata de Jos\u00e9 Cuellar, de 62 a\u00f1os y seg\u00fan se pudo averiguar aun tiene domicilio en Chaco. La fiscal\u00eda del Dr. Manso de cualquier manera investiga por que motivos esta persona se encontraba en nuestra ciudad aloj\u00e1ndose en la zona del paraje la Buena Moza.<\/p>\n","protected":false},"excerpt":{"rendered":"<p>En las primeras horas de este mi\u00e9rcoles un hombre se hab\u00eda intentado quitar la vida arroj\u00e1ndose de un puente en la ruta nacional 9 y tras ser asistido por una ambulancia horas despu\u00e9s falleci\u00f3, hasta ese momento no hab\u00eda sido identificado por los efectivos policiales, fue reci\u00e9n horas mas tarde que la polic\u00eda logro averiguar [&hellip;]<\/p>\n","protected":false},"author":4,"featured_media":90145,"comment_status":"open","ping_status":"closed","sticky":false,"template":"","format":"standard","meta":{"om_disable_all_campaigns":false,"_jetpack_memberships_contains_paid_content":false,"footnotes":""},"categories":[50,2,103],"tags":[],"class_list":["post-90144","post","type-post","status-publish","format-standard","has-post-thumbnail","hentry","category-destacadas","category-locales","category-policiales-locales"],"aioseo_notices":[],"gutentor_comment":0,"jetpack_featured_media_url":"https:\/\/eldiariodesanpedro.com.ar\/sitio\/wp-content\/uploads\/2021\/03\/167462038_1957279354410552_4749776187685601044_n.jpg","jetpack_shortlink":"https:\/\/wp.me\/p6RhLt-nrW","jetpack_sharing_enabled":true,"_links":{"self":[{"href":"https:\/\/eldiariodesanpedro.com.ar\/sitio\/wp-json\/wp\/v2\/posts\/90144","targetHints":{"allow":["GET"]}}],"collection":[{"href":"https:\/\/eldiariodesanpedro.com.ar\/sitio\/wp-json\/wp\/v2\/posts"}],"about":[{"href":"https:\/\/eldiariodesanpedro.com.ar\/sitio\/wp-json\/wp\/v2\/types\/post"}],"author":[{"embeddable":true,"href":"https:\/\/eldiariodesanpedro.com.ar\/sitio\/wp-json\/wp\/v2\/users\/4"}],"replies":[{"embeddable":true,"href":"https:\/\/eldiariodesanpedro.com.ar\/sitio\/wp-json\/wp\/v2\/comments?post=90144"}],"version-history":[{"count":1,"href":"https:\/\/eldiariodesanpedro.com.ar\/sitio\/wp-json\/wp\/v2\/posts\/90144\/revisions"}],"predecessor-version":[{"id":90146,"href":"https:\/\/eldiariodesanpedro.com.ar\/sitio\/wp-json\/wp\/v2\/posts\/90144\/revisions\/90146"}],"wp:featuredmedia":[{"embeddable":true,"href":"https:\/\/eldiariodesanpedro.com.ar\/sitio\/wp-json\/wp\/v2\/media\/90145"}],"wp:attachment":[{"href":"https:\/\/eldiariodesanpedro.com.ar\/sitio\/wp-json\/wp\/v2\/media?parent=90144"}],"wp:term":[{"taxonomy":"category","embeddable":true,"href":"https:\/\/eldiariodesanpedro.com.ar\/sitio\/wp-json\/wp\/v2\/categories?post=90144"},{"taxonomy":"post_tag","embeddable":true,"href":"https:\/\/eldiariodesanpedro.com.ar\/sitio\/wp-json\/wp\/v2\/tags?post=90144"}],"curies":[{"name":"wp","href":"https:\/\/api.w.org\/{rel}","templated":true}]}}