{"id":90139,"date":"2021-03-31T12:29:43","date_gmt":"2021-03-31T15:29:43","guid":{"rendered":"https:\/\/eldiariodesanpedro.com.ar\/sitio\/?p=90139"},"modified":"2021-03-31T12:29:47","modified_gmt":"2021-03-31T15:29:47","slug":"hoy-vence-el-congelamiento-del-valor-de-los-alquileres-y-se-habilita-el-desalojo-de-los-inquilinos","status":"publish","type":"post","link":"https:\/\/eldiariodesanpedro.com.ar\/sitio\/hoy-vence-el-congelamiento-del-valor-de-los-alquileres-y-se-habilita-el-desalojo-de-los-inquilinos\/","title":{"rendered":"Hoy vence el congelamiento del valor de los alquileres y se habilita el desalojo de los inquilinos"},"content":{"rendered":"<!-- VideographyWP Plugin Message: Automatic video embedding prevented by plugin options. -->\n\n<p>Este mi\u00e9rcoles deja de regir el decreto de necesidad y urgencia mediante el cual el Gobierno nacional prohibi\u00f3 los desalojos de vivienda por falta de pago del alquiler, prorrog\u00f3 la duraci\u00f3n de los contratos y pospuso los aumentos para un posterior refinanciamiento.<\/p>\n\n\n\n<p>El Gobierno no extender\u00e1 el congelamiento de alquileres ni la suspensi\u00f3n de desalojos que vence hoy 31 de marzo, una medida que se hab\u00eda implementado ante la crisis sanitaria por la pandemia de coronavirus.<br>En ese sentido, la Federaci\u00f3n de Inquilinos Nacional (FIN) encabez\u00f3 un \u201cruidazo\u201d nacional para pedir una nueva pr\u00f3rroga del DNU y la creaci\u00f3n de un plan de desendeudamiento.<\/p>\n\n\n\n<p>\u201cEstamos ya cansados del abuso del mercado inmobiliario\u201d dijo Mu\u00f1oz, pero aclar\u00f3 que tambi\u00e9n reclaman \u201cpara que se extienda el decreto, para que se lleve adelante un plan de desendeudamiento y tambi\u00e9n, sobre todas las cosas, para que se cumpla la ley de alquileres a casi diez meses de que est\u00e1 vigente y hoy es muy raro encontrar un alquiler bajo la ley\u201d.<\/p>\n\n\n\n<p>El dirigente de la FIN, enfatiz\u00f3 que\u00a0<strong>\u201csi el mercado inmobiliario est\u00e1 en contra de la ley de alquileres y no hay un Estado que la haga cumplir, que controle que se cumple la ley, evidentemente lo que termina imponi\u00e9ndose es el mercado inmobiliario que es la ley de la selva\u201d.<\/strong><\/p>\n\n\n\n<p>El 29 de marzo del a\u00f1o pasado, el Gobierno nacional public\u00f3 en el Bolet\u00edn Oficial el decreto por el cual en el marco de la emergencia \u201cecon\u00f3mica, financiera, fiscal, administrativa, previsional, tarifaria, energ\u00e9tica, sanitaria y social\u201d promueve la suspensi\u00f3n de los desalojos \u201csiempre que el litigio se haya promovido por el incumplimiento de la obligaci\u00f3n de pago en un contrato de locaci\u00f3n; la pr\u00f3rroga de los contratos de alquiler y el congelamiento de los precios de los alquileres\u201d. El decreto finaliza este mi\u00e9rcoles y los inquilinos se encuentran contra las cuerdas, en un contexto de crisis sanitaria y econ\u00f3mica.<\/p>\n\n\n\n<p><strong>Tambi\u00e9n Defensor\u00eda<\/strong><br>El Defensor del Pueblo bonaerense, Guido Lorenzino, le pidi\u00f3 al ministro de Desarrollo Territorial y H\u00e1bitat de la Naci\u00f3n, Jorge Ferraresi, que prorrogue el congelamiento de alquileres y la suspensi\u00f3n de desalojos por falta de pago, cuya finalizaci\u00f3n fue anunciada para fin de mes.<br>Mediante una nota formal, la Defensor\u00eda le pidi\u00f3 a Ferraresi que aplace los t\u00e9rminos del decreto 320\/20 y sus pr\u00f3rrogas. Tambi\u00e9n se dirigi\u00f3 a la Legislatura bonaerense, para que d\u00e9 tratamiento legislativo a una iniciativa que extienda los plazos de la ley 15.172, disposiciones que fijaban la suspensi\u00f3n de desalojos y el congelamiento de alquileres.<\/p>\n","protected":false},"excerpt":{"rendered":"<p>Este mi\u00e9rcoles deja de regir el decreto de necesidad y urgencia mediante el cual el Gobierno nacional prohibi\u00f3 los desalojos de vivienda por falta de pago del alquiler, prorrog\u00f3 la duraci\u00f3n de los contratos y pospuso los aumentos para un posterior refinanciamiento. El Gobierno no extender\u00e1 el congelamiento de alquileres ni la suspensi\u00f3n de desalojos [&hellip;]<\/p>\n","protected":false},"author":4,"featured_media":90140,"comment_status":"open","ping_status":"closed","sticky":false,"template":"","format":"standard","meta":{"om_disable_all_campaigns":false,"_jetpack_memberships_contains_paid_content":false,"footnotes":""},"categories":[621],"tags":[],"class_list":["post-90139","post","type-post","status-publish","format-standard","has-post-thumbnail","hentry","category-regionales"],"aioseo_notices":[],"gutentor_comment":0,"jetpack_featured_media_url":"https:\/\/eldiariodesanpedro.com.ar\/sitio\/wp-content\/uploads\/2021\/03\/DSC_0119-scaled-1.jpg","jetpack_shortlink":"https:\/\/wp.me\/p6RhLt-nrR","jetpack_sharing_enabled":true,"_links":{"self":[{"href":"https:\/\/eldiariodesanpedro.com.ar\/sitio\/wp-json\/wp\/v2\/posts\/90139","targetHints":{"allow":["GET"]}}],"collection":[{"href":"https:\/\/eldiariodesanpedro.com.ar\/sitio\/wp-json\/wp\/v2\/posts"}],"about":[{"href":"https:\/\/eldiariodesanpedro.com.ar\/sitio\/wp-json\/wp\/v2\/types\/post"}],"author":[{"embeddable":true,"href":"https:\/\/eldiariodesanpedro.com.ar\/sitio\/wp-json\/wp\/v2\/users\/4"}],"replies":[{"embeddable":true,"href":"https:\/\/eldiariodesanpedro.com.ar\/sitio\/wp-json\/wp\/v2\/comments?post=90139"}],"version-history":[{"count":1,"href":"https:\/\/eldiariodesanpedro.com.ar\/sitio\/wp-json\/wp\/v2\/posts\/90139\/revisions"}],"predecessor-version":[{"id":90141,"href":"https:\/\/eldiariodesanpedro.com.ar\/sitio\/wp-json\/wp\/v2\/posts\/90139\/revisions\/90141"}],"wp:featuredmedia":[{"embeddable":true,"href":"https:\/\/eldiariodesanpedro.com.ar\/sitio\/wp-json\/wp\/v2\/media\/90140"}],"wp:attachment":[{"href":"https:\/\/eldiariodesanpedro.com.ar\/sitio\/wp-json\/wp\/v2\/media?parent=90139"}],"wp:term":[{"taxonomy":"category","embeddable":true,"href":"https:\/\/eldiariodesanpedro.com.ar\/sitio\/wp-json\/wp\/v2\/categories?post=90139"},{"taxonomy":"post_tag","embeddable":true,"href":"https:\/\/eldiariodesanpedro.com.ar\/sitio\/wp-json\/wp\/v2\/tags?post=90139"}],"curies":[{"name":"wp","href":"https:\/\/api.w.org\/{rel}","templated":true}]}}