{"id":90135,"date":"2021-03-31T11:59:03","date_gmt":"2021-03-31T14:59:03","guid":{"rendered":"https:\/\/eldiariodesanpedro.com.ar\/sitio\/?p=90135"},"modified":"2021-03-31T11:59:07","modified_gmt":"2021-03-31T14:59:07","slug":"ritondo-participo-del-acto-donde-se-promulgo-un-fondo-de-5-000-millones-para-obras-de-infraestructura-en-la-provincia-de-buenos-aires","status":"publish","type":"post","link":"https:\/\/eldiariodesanpedro.com.ar\/sitio\/ritondo-participo-del-acto-donde-se-promulgo-un-fondo-de-5-000-millones-para-obras-de-infraestructura-en-la-provincia-de-buenos-aires\/","title":{"rendered":"Ritondo particip\u00f3 del acto d\u00f3nde se promulg\u00f3 un fondo de 5.000 millones para obras de infraestructura en la provincia de Buenos Aires"},"content":{"rendered":"<!-- VideographyWP Plugin Message: Automatic video embedding prevented by plugin options. -->\n\n<p>El gobierno nacional promulg\u00f3 hoy, en la Casa Rosada, la iniciativa del presidente del bloque de diputados del PRO, Cristian Ritondo, que crea el Programa de Emergencia de Infraestructura Municipal de la Provincia de Buenos Aires (PREIMBA), que destinar\u00e1 $5000 millones para realizar obras de infraestructura b\u00e1sica e impostergable en los municipios de la Provincia.<\/p>\n\n\n\n<p>En este sentido, Ritondo dijo \u201cEl a\u00f1o pasado present\u00e9 un proyecto para la creaci\u00f3n del Programa de Emergencia de Infraestructura Municipal de la Provincia de Buenos Aires (PREIMBA), el cual hoy se promulga\u201d, y agreg\u00f3 \u201cNosotros legislamos para que la alternancia no frene proyectos de la gesti\u00f3n anterior. Y que las diferencias pol\u00edticas no posterguen obras indispensables para los sectores m\u00e1s vulnerables\u201d.<\/p>\n\n\n\n<p>Con la promulgaci\u00f3n de la ley 27.561, que crea el fondo para realizar obras de infraestructura en \u00e1reas urbanas, suburbanas y rurales, la provincia contar\u00e1 con fondos para continuar con obras que mejoran la calidad de vida de los bonaerenses. La ley prev\u00e9 que el PREIMBA funcione bajo la \u00f3rbita del Ministerio de Obras P\u00fablicas.<\/p>\n\n\n\n<p>\u201cDurante la gesti\u00f3n de Mar\u00eda Eugenia Vidal fue prioridad llevar obras a las zonas m\u00e1s olvidadas de la provincia, y estas obras deben continuar sin importar qui\u00e9n gobierne\u201d, continu\u00f3 Ritondo y finaliz\u00f3 \u201cJuntos, oficialismo y oposici\u00f3n tenemos que construir un marco program\u00e1tico que cumpla con expectativas postergadas, porque las obras son mejor calidad de vida y eso es lo que queremos para la provincia y para todos los bonaerenses\u201d.<\/p>\n\n\n\n<p>En el acto estuvieron presentes el ministro del Interior de la Naci\u00f3n, Wado de Pedro; el presidente de la C\u00e1mara de diputados de La Naci\u00f3n, Sergio Massa; el gobernador de la provincia de Buenos Aires, Axel Kicillof; el ministro de Obras P\u00fablicas de la Naci\u00f3n, Gabriel Katopodis; el jefe de bloque de diputados Nacionales del Frente de Todos, M\u00e1ximo Kirchner; el intendente de Vicente L\u00f3pez, Jorge Macri; la intendenta de General Arenales, \u00c9rica Revilla; la intendenta de Quilmes, Mayra Mendoza; el intendente de Lomas de Zamora, Mart\u00edn Insaurralde; entre otros.<\/p>\n","protected":false},"excerpt":{"rendered":"<p>El gobierno nacional promulg\u00f3 hoy, en la Casa Rosada, la iniciativa del presidente del bloque de diputados del PRO, Cristian Ritondo, que crea el Programa de Emergencia de Infraestructura Municipal de la Provincia de Buenos Aires (PREIMBA), que destinar\u00e1 $5000 millones para realizar obras de infraestructura b\u00e1sica e impostergable en los municipios de la Provincia. [&hellip;]<\/p>\n","protected":false},"author":4,"featured_media":90136,"comment_status":"open","ping_status":"closed","sticky":false,"template":"","format":"standard","meta":{"om_disable_all_campaigns":false,"_jetpack_memberships_contains_paid_content":false,"footnotes":""},"categories":[621],"tags":[],"class_list":["post-90135","post","type-post","status-publish","format-standard","has-post-thumbnail","hentry","category-regionales"],"aioseo_notices":[],"gutentor_comment":0,"jetpack_featured_media_url":"https:\/\/eldiariodesanpedro.com.ar\/sitio\/wp-content\/uploads\/2021\/03\/WhatsApp-Image-2021-03-30-at-17.26.16.jpeg","jetpack_shortlink":"https:\/\/wp.me\/p6RhLt-nrN","jetpack_sharing_enabled":true,"_links":{"self":[{"href":"https:\/\/eldiariodesanpedro.com.ar\/sitio\/wp-json\/wp\/v2\/posts\/90135","targetHints":{"allow":["GET"]}}],"collection":[{"href":"https:\/\/eldiariodesanpedro.com.ar\/sitio\/wp-json\/wp\/v2\/posts"}],"about":[{"href":"https:\/\/eldiariodesanpedro.com.ar\/sitio\/wp-json\/wp\/v2\/types\/post"}],"author":[{"embeddable":true,"href":"https:\/\/eldiariodesanpedro.com.ar\/sitio\/wp-json\/wp\/v2\/users\/4"}],"replies":[{"embeddable":true,"href":"https:\/\/eldiariodesanpedro.com.ar\/sitio\/wp-json\/wp\/v2\/comments?post=90135"}],"version-history":[{"count":1,"href":"https:\/\/eldiariodesanpedro.com.ar\/sitio\/wp-json\/wp\/v2\/posts\/90135\/revisions"}],"predecessor-version":[{"id":90137,"href":"https:\/\/eldiariodesanpedro.com.ar\/sitio\/wp-json\/wp\/v2\/posts\/90135\/revisions\/90137"}],"wp:featuredmedia":[{"embeddable":true,"href":"https:\/\/eldiariodesanpedro.com.ar\/sitio\/wp-json\/wp\/v2\/media\/90136"}],"wp:attachment":[{"href":"https:\/\/eldiariodesanpedro.com.ar\/sitio\/wp-json\/wp\/v2\/media?parent=90135"}],"wp:term":[{"taxonomy":"category","embeddable":true,"href":"https:\/\/eldiariodesanpedro.com.ar\/sitio\/wp-json\/wp\/v2\/categories?post=90135"},{"taxonomy":"post_tag","embeddable":true,"href":"https:\/\/eldiariodesanpedro.com.ar\/sitio\/wp-json\/wp\/v2\/tags?post=90135"}],"curies":[{"name":"wp","href":"https:\/\/api.w.org\/{rel}","templated":true}]}}