{"id":90133,"date":"2021-03-31T11:10:43","date_gmt":"2021-03-31T14:10:43","guid":{"rendered":"https:\/\/eldiariodesanpedro.com.ar\/sitio\/?p=90133"},"modified":"2021-03-31T11:10:44","modified_gmt":"2021-03-31T14:10:44","slug":"los-bancos-locales-volveran-a-abrir-desde-las-10-hasta-las-15-horas-desde-el-lunes-2","status":"publish","type":"post","link":"https:\/\/eldiariodesanpedro.com.ar\/sitio\/los-bancos-locales-volveran-a-abrir-desde-las-10-hasta-las-15-horas-desde-el-lunes-2\/","title":{"rendered":"Los bancos locales volver\u00e1n a abrir desde las 10 hasta las 15 horas desde el lunes"},"content":{"rendered":"<!-- VideographyWP Plugin Message: Automatic video embedding prevented by plugin options. -->\n\n<p>Comenzando el pr\u00f3ximo lunes 5 de abril las instituciones financieras volver\u00e1n a recibir a los vecinos en una franja horaria m\u00e1s amplia, luego de verse obligadas a cumplir un horario especial durante la temporada de verano dado el riesgo sanitario.<\/p>\n\n\n\n<p>La nueva resoluci\u00f3n fue impulsada por la Asociaci\u00f3n Bancaria, insistiendo en un pedido originalmente presentado el pasado mes de octubre con la meta de expandir tanto los horarios de apertura y cierre de tales instituciones, como as\u00ed tambi\u00e9n sus horarios de atenci\u00f3n al cliente.<\/p>\n\n\n\n<p>Gracias a esta nueva pol\u00edtica, desde el pr\u00f3ximo lunes 5 de abril las instituciones financieras de la Provincia de Buenos Aires, incluidas aquellas localizadas en la ciudad de San Pedro retomar\u00e1n la una franja de actividad que va desde las 10 de la ma\u00f1ana hasta las 3 de la tarde, excepto el Banco Industrial que tendr\u00e1 el horario de 9 a 14 hs.<\/p>\n\n\n\n<p>Cabe recordar que, entre los meses de diciembre y marzo, las sucursales s\u00f3lo pod\u00edan abrir sus puertas entre las 8 y las 13 horas, en cumplimento del Decreto N\u00b01085 publicado por el Poder Ejecutivo bonaerense de manera oficial.<\/p>\n\n\n\n<p>Respecto a este cambio, representantes del Banco Provincia aseguraron que el mismo no generar\u00e1 modificaci\u00f3n en los turnos ya asignados a los vecinos de nuestra localidad, ya que las reservas correspondientes al mes de abril (y de all\u00ed en adelante) fueron asignadas contemplando la franja horaria de 10 a 15.<\/p>\n\n\n\n<p>En lo referido al descanso por Semana Santa, desde el Provincia aclararon que no habr\u00e1 actividades los dos primeros d\u00edas de abril en conmemoraci\u00f3n de tal festividad, aunque se encontrar\u00e1n completamente disponibles sus canales online, a saber Banca Internet Provincia (BIP) y el servicio de Cuenta DNI. Si bien no habr\u00e1 atenci\u00f3n presencial al cliente, s\u00ed se encontrar\u00e1n a disposici\u00f3n sus cajeros autom\u00e1ticos.<\/p>\n","protected":false},"excerpt":{"rendered":"<p>Comenzando el pr\u00f3ximo lunes 5 de abril las instituciones financieras volver\u00e1n a recibir a los vecinos en una franja horaria m\u00e1s amplia, luego de verse obligadas a cumplir un horario especial durante la temporada de verano dado el riesgo sanitario. La nueva resoluci\u00f3n fue impulsada por la Asociaci\u00f3n Bancaria, insistiendo en un pedido originalmente presentado [&hellip;]<\/p>\n","protected":false},"author":4,"featured_media":90131,"comment_status":"open","ping_status":"closed","sticky":false,"template":"","format":"standard","meta":{"om_disable_all_campaigns":false,"_jetpack_memberships_contains_paid_content":false,"footnotes":""},"categories":[50,101,2],"tags":[],"class_list":["post-90133","post","type-post","status-publish","format-standard","has-post-thumbnail","hentry","category-destacadas","category-interes-general-locales","category-locales"],"aioseo_notices":[],"gutentor_comment":0,"jetpack_featured_media_url":"https:\/\/eldiariodesanpedro.com.ar\/sitio\/wp-content\/uploads\/2021\/03\/2021-03-31.png","jetpack_shortlink":"https:\/\/wp.me\/p6RhLt-nrL","jetpack_sharing_enabled":true,"_links":{"self":[{"href":"https:\/\/eldiariodesanpedro.com.ar\/sitio\/wp-json\/wp\/v2\/posts\/90133","targetHints":{"allow":["GET"]}}],"collection":[{"href":"https:\/\/eldiariodesanpedro.com.ar\/sitio\/wp-json\/wp\/v2\/posts"}],"about":[{"href":"https:\/\/eldiariodesanpedro.com.ar\/sitio\/wp-json\/wp\/v2\/types\/post"}],"author":[{"embeddable":true,"href":"https:\/\/eldiariodesanpedro.com.ar\/sitio\/wp-json\/wp\/v2\/users\/4"}],"replies":[{"embeddable":true,"href":"https:\/\/eldiariodesanpedro.com.ar\/sitio\/wp-json\/wp\/v2\/comments?post=90133"}],"version-history":[{"count":1,"href":"https:\/\/eldiariodesanpedro.com.ar\/sitio\/wp-json\/wp\/v2\/posts\/90133\/revisions"}],"predecessor-version":[{"id":90134,"href":"https:\/\/eldiariodesanpedro.com.ar\/sitio\/wp-json\/wp\/v2\/posts\/90133\/revisions\/90134"}],"wp:featuredmedia":[{"embeddable":true,"href":"https:\/\/eldiariodesanpedro.com.ar\/sitio\/wp-json\/wp\/v2\/media\/90131"}],"wp:attachment":[{"href":"https:\/\/eldiariodesanpedro.com.ar\/sitio\/wp-json\/wp\/v2\/media?parent=90133"}],"wp:term":[{"taxonomy":"category","embeddable":true,"href":"https:\/\/eldiariodesanpedro.com.ar\/sitio\/wp-json\/wp\/v2\/categories?post=90133"},{"taxonomy":"post_tag","embeddable":true,"href":"https:\/\/eldiariodesanpedro.com.ar\/sitio\/wp-json\/wp\/v2\/tags?post=90133"}],"curies":[{"name":"wp","href":"https:\/\/api.w.org\/{rel}","templated":true}]}}