{"id":90127,"date":"2021-03-31T10:36:55","date_gmt":"2021-03-31T13:36:55","guid":{"rendered":"https:\/\/eldiariodesanpedro.com.ar\/sitio\/?p=90127"},"modified":"2021-03-31T10:36:59","modified_gmt":"2021-03-31T13:36:59","slug":"relanzan-los-juegos-bonaerenses-conoce-las-disciplinas-como-anotarse-y-todos-los-detalles","status":"publish","type":"post","link":"https:\/\/eldiariodesanpedro.com.ar\/sitio\/relanzan-los-juegos-bonaerenses-conoce-las-disciplinas-como-anotarse-y-todos-los-detalles\/","title":{"rendered":"Relanzan los Juegos Bonaerenses: conoce las disciplinas, c\u00f3mo anotarse y todos los detalles"},"content":{"rendered":"<!-- VideographyWP Plugin Message: Automatic video embedding prevented by plugin options. -->\n\n<p>El a\u00f1o pasado la competencia se realiz\u00f3 virtualmente para adecuarse a la realidad sanitaria de la provincia, durante el Aislamiento Social Preventivo y Obligatorio (ASPO), en la participaron m\u00e1s de 20 mil participantes.<\/p>\n\n\n\n<p>El Gobierno bonaerense a trav\u00e9s de la subsecretaria de Deportes confirm\u00f3 que se realizar\u00e1 una nueva edici\u00f3n de los Juegos Bonaerenses, que incluir\u00e1 disciplinas renovadas y la aplicaci\u00f3n de instancias virtuales.<\/p>\n\n\n\n<p>En ese sentido, los bonaerenses interesados en participar podr\u00e1n inscribirse a partir del pr\u00f3ximo lunes en la plataforma web PLENUS, que fue utilizada por la comunidad deportiva en la edici\u00f3n pasada.<\/p>\n\n\n\n<p>Asimismo, el comienzo de las competencias, a trav\u00e9s de la etapa local, est\u00e1 previsto para junio, mientras que en agosto se espera que se lleven a cabo las regionales para llegar as\u00ed a la final provincial.<\/p>\n\n\n\n<p>En ese marco, la juventud bonaerense podr\u00e1 competir en diferentes categor\u00edas: Juveniles, Personas con Discapacidad, Adultos Mayores, adem\u00e1s de la incorporaci\u00f3n de la rama universitaria (cualquier alumno con certificado regular podr\u00e1 inscribirse).<\/p>\n\n\n\n<p>Cabe recordar que, el a\u00f1o pasado la competencia se realiz\u00f3 virtualmente para adecuarse a la realidad sanitaria de la provincia, durante el Aislamiento Social Preventivo y Obligatorio (ASPO), de la cual participaron m\u00e1s de 20 mil participantes.<\/p>\n\n\n\n<p>Por eso, este a\u00f1o buscar\u00e1n llevar adelante una transici\u00f3n hacia la presencialidad, para dar lugar a la Gran Final Provincial en la ciudad de Mar del Plata, siempre y cuando est\u00e9n garantizadas las condiciones epidemiol\u00f3gicas.<\/p>\n\n\n\n<p>De esta manera, el subsecretario de Deportes de la provincia, Javier Lovera, afirm\u00f3 que \u00ablos pr\u00f3ximos Juegos Bonaerenses constituir\u00e1n una edici\u00f3n hist\u00f3rica en un contexto similar por la pandemia\u201d.<\/p>\n\n\n\n<p>Entre las novedades de este a\u00f1o, los participantes podr\u00e1n inscribirse en deportes presenciales (solo aquellos habilitados en el marco de las disposiciones sanitarias) tales como el ajedrez, atletismo, b\u00e1squetbol 3&#215;3, padel, nataci\u00f3n, tenis, skate, golf y remo, entre otros.<\/p>\n\n\n\n<p>En los juegos que se desarrollar\u00e1n de manera estrictamente virtual en todas sus etapas, se encuentran los deportes electr\u00f3nicos (FIFA, League of Legends, Fortnite, etc.), taekwondo, judo, dibujo, malambo, entre otras.<\/p>\n\n\n\n<p>Cabe aclarar que, cada municipio tambi\u00e9n podr\u00e1 presentar sus selecciones municipales de b\u00e1squetbol, futsal, rugby, hockey, v\u00f3leibol. Esta decisi\u00f3n tiene como objetivo disminuir el riesgo local simplificando la etapa municipal.<\/p>\n\n\n\n<p>Desde su creaci\u00f3n en 1992, los Juegos Bonaerenses han sido la pol\u00edtica deportiva m\u00e1s prolongada en todo el territorio provincial, en la que han participado m\u00e1s de 20 millones de bonaerenses.<\/p>\n\n\n\n<p>Fuente: <a href=\"http:\/\/infogei\/\">InfoGEI<\/a><\/p>\n","protected":false},"excerpt":{"rendered":"<p>El a\u00f1o pasado la competencia se realiz\u00f3 virtualmente para adecuarse a la realidad sanitaria de la provincia, durante el Aislamiento Social Preventivo y Obligatorio (ASPO), en la participaron m\u00e1s de 20 mil participantes. El Gobierno bonaerense a trav\u00e9s de la subsecretaria de Deportes confirm\u00f3 que se realizar\u00e1 una nueva edici\u00f3n de los Juegos Bonaerenses, que [&hellip;]<\/p>\n","protected":false},"author":4,"featured_media":90128,"comment_status":"open","ping_status":"closed","sticky":false,"template":"","format":"standard","meta":{"om_disable_all_campaigns":false,"_jetpack_memberships_contains_paid_content":false,"footnotes":""},"categories":[621],"tags":[],"class_list":["post-90127","post","type-post","status-publish","format-standard","has-post-thumbnail","hentry","category-regionales"],"aioseo_notices":[],"gutentor_comment":0,"jetpack_featured_media_url":"https:\/\/eldiariodesanpedro.com.ar\/sitio\/wp-content\/uploads\/2021\/03\/20210330170031_juegos_658x400.jpg","jetpack_shortlink":"https:\/\/wp.me\/p6RhLt-nrF","jetpack_sharing_enabled":true,"_links":{"self":[{"href":"https:\/\/eldiariodesanpedro.com.ar\/sitio\/wp-json\/wp\/v2\/posts\/90127","targetHints":{"allow":["GET"]}}],"collection":[{"href":"https:\/\/eldiariodesanpedro.com.ar\/sitio\/wp-json\/wp\/v2\/posts"}],"about":[{"href":"https:\/\/eldiariodesanpedro.com.ar\/sitio\/wp-json\/wp\/v2\/types\/post"}],"author":[{"embeddable":true,"href":"https:\/\/eldiariodesanpedro.com.ar\/sitio\/wp-json\/wp\/v2\/users\/4"}],"replies":[{"embeddable":true,"href":"https:\/\/eldiariodesanpedro.com.ar\/sitio\/wp-json\/wp\/v2\/comments?post=90127"}],"version-history":[{"count":1,"href":"https:\/\/eldiariodesanpedro.com.ar\/sitio\/wp-json\/wp\/v2\/posts\/90127\/revisions"}],"predecessor-version":[{"id":90129,"href":"https:\/\/eldiariodesanpedro.com.ar\/sitio\/wp-json\/wp\/v2\/posts\/90127\/revisions\/90129"}],"wp:featuredmedia":[{"embeddable":true,"href":"https:\/\/eldiariodesanpedro.com.ar\/sitio\/wp-json\/wp\/v2\/media\/90128"}],"wp:attachment":[{"href":"https:\/\/eldiariodesanpedro.com.ar\/sitio\/wp-json\/wp\/v2\/media?parent=90127"}],"wp:term":[{"taxonomy":"category","embeddable":true,"href":"https:\/\/eldiariodesanpedro.com.ar\/sitio\/wp-json\/wp\/v2\/categories?post=90127"},{"taxonomy":"post_tag","embeddable":true,"href":"https:\/\/eldiariodesanpedro.com.ar\/sitio\/wp-json\/wp\/v2\/tags?post=90127"}],"curies":[{"name":"wp","href":"https:\/\/api.w.org\/{rel}","templated":true}]}}