{"id":90124,"date":"2021-03-31T10:32:13","date_gmt":"2021-03-31T13:32:13","guid":{"rendered":"https:\/\/eldiariodesanpedro.com.ar\/sitio\/?p=90124"},"modified":"2021-03-31T10:32:17","modified_gmt":"2021-03-31T13:32:17","slug":"extienden-precios-maximos-hasta-el-15-de-mayo","status":"publish","type":"post","link":"https:\/\/eldiariodesanpedro.com.ar\/sitio\/extienden-precios-maximos-hasta-el-15-de-mayo\/","title":{"rendered":"Extienden Precios M\u00e1ximos hasta el 15 de mayo"},"content":{"rendered":"<!-- VideographyWP Plugin Message: Automatic video embedding prevented by plugin options. -->\n\n<p>La Secretar\u00eda de Comercio Interior decidi\u00f3 extender hasta el 15 de mayo el programa Precios M\u00e1ximos que venc\u00eda el 31 de marzo, en las mismas condiciones que las actuales, ya que ni se autorizan nuevos aumentos, ni se har\u00e1n cambios en las listas de productos.<\/p>\n\n\n\n<p>Cabe recordar que los precios de los m\u00e1s de 2.000 productos incluidos en el programa se mantuvieron congelados desde el 6 de marzo de 2020 hasta julio del a\u00f1o pasado. Durante ese \u00faltimo mes y tambi\u00e9n en octubre, Interior autoriz\u00f3 aumentos de hasta 6% en algunos art\u00edculos. Sin embargo, ahora no se permitieron subas.<\/p>\n\n\n\n<p>En la pr\u00f3rroga anterior, el Gobierno justific\u00f3 esta iniciativa ya que en el contexto de pandemia es \u00abnecesario tomar medidas para morigerar el impacto de la inflaci\u00f3n en el sistema econ\u00f3mico y asegurar a la poblaci\u00f3n el acceso equitativo y razonable a bienes b\u00e1sicos de consumo\u00bb.<\/p>\n\n\n\n<p>Tanto en noviembre como en febrero de este a\u00f1o, el Ejecutivo excluy\u00f3 de Precios M\u00e1ximos a una nueva tanda de productos, entre ellos la miel y los vinos espumantes, debido a que \u00abno forman parte de los que tienen relevancia en la satisfacci\u00f3n de las necesidades b\u00e1sicas de los consumidores y usuarios\u00bb. En esta ocasi\u00f3n no se produjeron cambios en la lista.<\/p>\n\n\n\n<p>Hace algunas semanas el ministro de Desarrollo Productivo, Mat\u00edas Kulfas, asegur\u00f3 que el programa continuar\u00e1 hasta que las empresas alineen sus precios con las metas inflacionarias y demuestren \u00abcompromisos concretos\u00bb.<\/p>\n\n\n\n<p>\u00abLo vamos a poder desactivar en la medida en que haya compromisos concretos de alinear los objetivos de precios del sector a los objetivos generales de inflaci\u00f3n\u00bb, sostuvo Kulfas en declaraciones a la prensa. En ese sentido, remarc\u00f3 que \u00abel objetivo central es cuidar la mesa de los argentinos\u00bb.<\/p>\n","protected":false},"excerpt":{"rendered":"<p>La Secretar\u00eda de Comercio Interior decidi\u00f3 extender hasta el 15 de mayo el programa Precios M\u00e1ximos que venc\u00eda el 31 de marzo, en las mismas condiciones que las actuales, ya que ni se autorizan nuevos aumentos, ni se har\u00e1n cambios en las listas de productos. Cabe recordar que los precios de los m\u00e1s de 2.000 [&hellip;]<\/p>\n","protected":false},"author":4,"featured_media":90125,"comment_status":"open","ping_status":"closed","sticky":false,"template":"","format":"standard","meta":{"om_disable_all_campaigns":false,"_jetpack_memberships_contains_paid_content":false,"footnotes":""},"categories":[621],"tags":[],"class_list":["post-90124","post","type-post","status-publish","format-standard","has-post-thumbnail","hentry","category-regionales"],"aioseo_notices":[],"gutentor_comment":0,"jetpack_featured_media_url":"https:\/\/eldiariodesanpedro.com.ar\/sitio\/wp-content\/uploads\/2021\/03\/precios-cuidados-2020_658x400.jpg","jetpack_shortlink":"https:\/\/wp.me\/p6RhLt-nrC","jetpack_sharing_enabled":true,"_links":{"self":[{"href":"https:\/\/eldiariodesanpedro.com.ar\/sitio\/wp-json\/wp\/v2\/posts\/90124","targetHints":{"allow":["GET"]}}],"collection":[{"href":"https:\/\/eldiariodesanpedro.com.ar\/sitio\/wp-json\/wp\/v2\/posts"}],"about":[{"href":"https:\/\/eldiariodesanpedro.com.ar\/sitio\/wp-json\/wp\/v2\/types\/post"}],"author":[{"embeddable":true,"href":"https:\/\/eldiariodesanpedro.com.ar\/sitio\/wp-json\/wp\/v2\/users\/4"}],"replies":[{"embeddable":true,"href":"https:\/\/eldiariodesanpedro.com.ar\/sitio\/wp-json\/wp\/v2\/comments?post=90124"}],"version-history":[{"count":1,"href":"https:\/\/eldiariodesanpedro.com.ar\/sitio\/wp-json\/wp\/v2\/posts\/90124\/revisions"}],"predecessor-version":[{"id":90126,"href":"https:\/\/eldiariodesanpedro.com.ar\/sitio\/wp-json\/wp\/v2\/posts\/90124\/revisions\/90126"}],"wp:featuredmedia":[{"embeddable":true,"href":"https:\/\/eldiariodesanpedro.com.ar\/sitio\/wp-json\/wp\/v2\/media\/90125"}],"wp:attachment":[{"href":"https:\/\/eldiariodesanpedro.com.ar\/sitio\/wp-json\/wp\/v2\/media?parent=90124"}],"wp:term":[{"taxonomy":"category","embeddable":true,"href":"https:\/\/eldiariodesanpedro.com.ar\/sitio\/wp-json\/wp\/v2\/categories?post=90124"},{"taxonomy":"post_tag","embeddable":true,"href":"https:\/\/eldiariodesanpedro.com.ar\/sitio\/wp-json\/wp\/v2\/tags?post=90124"}],"curies":[{"name":"wp","href":"https:\/\/api.w.org\/{rel}","templated":true}]}}