{"id":90122,"date":"2021-03-31T10:27:15","date_gmt":"2021-03-31T13:27:15","guid":{"rendered":"https:\/\/eldiariodesanpedro.com.ar\/sitio\/?p=90122"},"modified":"2021-03-31T10:27:19","modified_gmt":"2021-03-31T13:27:19","slug":"un-hombre-se-tiro-del-puente-de-la-buena-moza-en-la-ruta-9-para-quitarse-la-vida","status":"publish","type":"post","link":"https:\/\/eldiariodesanpedro.com.ar\/sitio\/un-hombre-se-tiro-del-puente-de-la-buena-moza-en-la-ruta-9-para-quitarse-la-vida\/","title":{"rendered":"Un hombre se tir\u00f3 del puente de la Buena Moza en la ruta 9 para quitarse la vida"},"content":{"rendered":"<!-- VideographyWP Plugin Message: Automatic video embedding prevented by plugin options. -->\n\n<p>Este mi\u00e9rcoles en las primeras horas se conoci\u00f3 la triste noticia de un hombre oriundo de la localidad de la Buena Moza perdi\u00f3 la vida tras tirarse de un puente en la ruta nacional 9.<\/p>\n\n\n\n<p>El hecho ocurri\u00f3 alrededor de las 7 hs cuando un hombre mayor de edad radicado en el vecino paraje por motivos que se tratan de establecer tristemente trato de quitarse la vida tir\u00e1ndose del puente que cruza la ruta nacional 9 a la altura de la Buena Moza.<\/p>\n\n\n\n<p>A pesar de arrojarse al vac\u00edo no pudo lograr su cometido siendo trasladado por una ambulancia del Centro de Salud de R\u00edo Tala, una vez en el nosocomio local y a pesar del trabajo de los doctores el hombre termina perdiendo la vida por las heridas recibidas por la ca\u00edda.<\/p>\n","protected":false},"excerpt":{"rendered":"<p>Este mi\u00e9rcoles en las primeras horas se conoci\u00f3 la triste noticia de un hombre oriundo de la localidad de la Buena Moza perdi\u00f3 la vida tras tirarse de un puente en la ruta nacional 9. El hecho ocurri\u00f3 alrededor de las 7 hs cuando un hombre mayor de edad radicado en el vecino paraje por [&hellip;]<\/p>\n","protected":false},"author":4,"featured_media":67073,"comment_status":"open","ping_status":"closed","sticky":false,"template":"","format":"standard","meta":{"om_disable_all_campaigns":false,"_jetpack_memberships_contains_paid_content":false,"footnotes":""},"categories":[50,2,103],"tags":[],"class_list":["post-90122","post","type-post","status-publish","format-standard","has-post-thumbnail","hentry","category-destacadas","category-locales","category-policiales-locales"],"aioseo_notices":[],"gutentor_comment":0,"jetpack_featured_media_url":"https:\/\/eldiariodesanpedro.com.ar\/sitio\/wp-content\/uploads\/2020\/01\/guardia_nueva.jpg","jetpack_shortlink":"https:\/\/wp.me\/p6RhLt-nrA","jetpack_sharing_enabled":true,"_links":{"self":[{"href":"https:\/\/eldiariodesanpedro.com.ar\/sitio\/wp-json\/wp\/v2\/posts\/90122","targetHints":{"allow":["GET"]}}],"collection":[{"href":"https:\/\/eldiariodesanpedro.com.ar\/sitio\/wp-json\/wp\/v2\/posts"}],"about":[{"href":"https:\/\/eldiariodesanpedro.com.ar\/sitio\/wp-json\/wp\/v2\/types\/post"}],"author":[{"embeddable":true,"href":"https:\/\/eldiariodesanpedro.com.ar\/sitio\/wp-json\/wp\/v2\/users\/4"}],"replies":[{"embeddable":true,"href":"https:\/\/eldiariodesanpedro.com.ar\/sitio\/wp-json\/wp\/v2\/comments?post=90122"}],"version-history":[{"count":1,"href":"https:\/\/eldiariodesanpedro.com.ar\/sitio\/wp-json\/wp\/v2\/posts\/90122\/revisions"}],"predecessor-version":[{"id":90123,"href":"https:\/\/eldiariodesanpedro.com.ar\/sitio\/wp-json\/wp\/v2\/posts\/90122\/revisions\/90123"}],"wp:featuredmedia":[{"embeddable":true,"href":"https:\/\/eldiariodesanpedro.com.ar\/sitio\/wp-json\/wp\/v2\/media\/67073"}],"wp:attachment":[{"href":"https:\/\/eldiariodesanpedro.com.ar\/sitio\/wp-json\/wp\/v2\/media?parent=90122"}],"wp:term":[{"taxonomy":"category","embeddable":true,"href":"https:\/\/eldiariodesanpedro.com.ar\/sitio\/wp-json\/wp\/v2\/categories?post=90122"},{"taxonomy":"post_tag","embeddable":true,"href":"https:\/\/eldiariodesanpedro.com.ar\/sitio\/wp-json\/wp\/v2\/tags?post=90122"}],"curies":[{"name":"wp","href":"https:\/\/api.w.org\/{rel}","templated":true}]}}