{"id":9012,"date":"2016-10-19T18:52:21","date_gmt":"2016-10-19T21:52:21","guid":{"rendered":"https:\/\/eldiariodesanpedro.com.ar\/sitio\/?p=9012"},"modified":"2016-10-19T18:52:21","modified_gmt":"2016-10-19T21:52:21","slug":"la-pesca-artesanal-se-fortalece-en-el-delta-medio","status":"publish","type":"post","link":"https:\/\/eldiariodesanpedro.com.ar\/sitio\/la-pesca-artesanal-se-fortalece-en-el-delta-medio\/","title":{"rendered":"La pesca artesanal se fortalece en el Delta Medio"},"content":{"rendered":"<p><!-- VideographyWP Plugin Message: Automatic video embedding prevented by plugin options. --><br \/>\nEn el marco de actividades que realiza la EEA-Delta, en la localidad de San Pedro para el sector de la pesca artesanal, el viernes 07 de octubre la Dir. de Procesos Productivos junto a la Dir. de Infraestructura, Equipamiento y Cadena de Valor, dependientes de la Secretar\u00eda de Agricultura Familiar (SAF), visitaron el centro de acopio de la Asociaci\u00f3n de Pescadores Artesanales de San Pedro, con el objetivo de relevar las condiciones de conservaci\u00f3n y procesamiento del pescado de r\u00edo.<\/p>\n<p>El reconocimiento de la pesca artesanal de peque\u00f1a escala como parte constitutiva del modelo de pesca sostenible y de alto valor para la econom\u00eda regional, impulsa iniciativas que apuntan al desarrollo de mejoras competitivas del sector, como el dise\u00f1o y propuestas de reacondicionamiento de salas de procesamiento de pescado, que garanticen la calidad e inocuidad de los productos pesqueros.<\/p>\n<p>El trabajo de fortalecimiento del entramado institucional, en el acompa\u00f1amiento de dicho sector, se ver\u00e1 reflejado en la Jornada de Pescadores Artesanales del Delta del Paran\u00e1, programado para el d\u00eda 22 de octubre en Ramallo, donde participar\u00e1n pescadores de la zona, investigadores del CONICET, EEA Delta, Secretar\u00eda de Agricultura Familiar y funcionarios locales.<\/p>\n","protected":false},"excerpt":{"rendered":"<p>En el marco de actividades que realiza la EEA-Delta, en la localidad de San Pedro para el sector de la pesca artesanal, el viernes 07 de octubre la Dir. de Procesos Productivos junto a la Dir. de Infraestructura, Equipamiento y Cadena de Valor, dependientes de la Secretar\u00eda de Agricultura Familiar (SAF), visitaron el centro de [&hellip;]<\/p>\n","protected":false},"author":4,"featured_media":9013,"comment_status":"open","ping_status":"closed","sticky":false,"template":"","format":"standard","meta":{"om_disable_all_campaigns":false,"_jetpack_memberships_contains_paid_content":false,"footnotes":""},"categories":[50,101,2],"tags":[],"class_list":["post-9012","post","type-post","status-publish","format-standard","has-post-thumbnail","hentry","category-destacadas","category-interes-general-locales","category-locales"],"aioseo_notices":[],"gutentor_comment":0,"jetpack_featured_media_url":"https:\/\/eldiariodesanpedro.com.ar\/sitio\/wp-content\/uploads\/2016\/10\/PAGINA-4-02-3.jpg","jetpack_shortlink":"https:\/\/wp.me\/p6RhLt-2lm","jetpack_sharing_enabled":true,"_links":{"self":[{"href":"https:\/\/eldiariodesanpedro.com.ar\/sitio\/wp-json\/wp\/v2\/posts\/9012","targetHints":{"allow":["GET"]}}],"collection":[{"href":"https:\/\/eldiariodesanpedro.com.ar\/sitio\/wp-json\/wp\/v2\/posts"}],"about":[{"href":"https:\/\/eldiariodesanpedro.com.ar\/sitio\/wp-json\/wp\/v2\/types\/post"}],"author":[{"embeddable":true,"href":"https:\/\/eldiariodesanpedro.com.ar\/sitio\/wp-json\/wp\/v2\/users\/4"}],"replies":[{"embeddable":true,"href":"https:\/\/eldiariodesanpedro.com.ar\/sitio\/wp-json\/wp\/v2\/comments?post=9012"}],"version-history":[{"count":1,"href":"https:\/\/eldiariodesanpedro.com.ar\/sitio\/wp-json\/wp\/v2\/posts\/9012\/revisions"}],"predecessor-version":[{"id":9014,"href":"https:\/\/eldiariodesanpedro.com.ar\/sitio\/wp-json\/wp\/v2\/posts\/9012\/revisions\/9014"}],"wp:featuredmedia":[{"embeddable":true,"href":"https:\/\/eldiariodesanpedro.com.ar\/sitio\/wp-json\/wp\/v2\/media\/9013"}],"wp:attachment":[{"href":"https:\/\/eldiariodesanpedro.com.ar\/sitio\/wp-json\/wp\/v2\/media?parent=9012"}],"wp:term":[{"taxonomy":"category","embeddable":true,"href":"https:\/\/eldiariodesanpedro.com.ar\/sitio\/wp-json\/wp\/v2\/categories?post=9012"},{"taxonomy":"post_tag","embeddable":true,"href":"https:\/\/eldiariodesanpedro.com.ar\/sitio\/wp-json\/wp\/v2\/tags?post=9012"}],"curies":[{"name":"wp","href":"https:\/\/api.w.org\/{rel}","templated":true}]}}